{"id":4333,"date":"2020-10-30T00:13:59","date_gmt":"2020-10-30T00:13:59","guid":{"rendered":"https:\/\/tvc16.com\/portal\/?p=4333"},"modified":"2020-10-30T00:13:59","modified_gmt":"2020-10-30T00:13:59","slug":"antt-aprova-estudos-para-nova-concessao-da-rodovia-presidente-dutra","status":"publish","type":"post","link":"https:\/\/tvc16.com\/portal\/2020\/10\/30\/antt-aprova-estudos-para-nova-concessao-da-rodovia-presidente-dutra\/","title":{"rendered":"ANTT aprova estudos para nova concess\u00e3o da rodovia Presidente Dutra"},"content":{"rendered":"\n<p>A Ag\u00eancia Nacional de Transportes Terrestres (ANTT) aprovou o projeto&nbsp;da Empresa de Planejamento e Log\u00edstica (EPL) para a nova concess\u00e3o da rodovia Presidente Dutra, que liga as cidades de S\u00e3o Paulo e Rio de Janeiro. A proposta&nbsp;vai injetar R$ 14,5 bilh\u00f5es em investimento e tamb\u00e9m contempla a concess\u00e3o de um trecho da BR-101, entre os munic\u00edpios do Rio de Janeiro, no bairro de Campo Grande, e Ubatuba (SP).<\/p>\n\n\n\n<p>Os estudos seguem para o Minist\u00e9rio da Infraestrutura, que ir\u00e1 submeter os documentos de licita\u00e7\u00e3o ao Tribunal de Contas da Uni\u00e3o (TCU). A aprova\u00e7\u00e3o do TCU \u00e9 a \u00faltima etapa antes da publica\u00e7\u00e3o do edital de concess\u00e3o. O governo federal estima que o leil\u00e3o seja feito dentro dos seis primeiros meses do ano que vem.&nbsp;O novo operador administrar\u00e1 os trechos pelos pr\u00f3ximos 30 anos.&nbsp;<\/p>\n\n\n\n<p><strong><a href=\"https:\/\/brasil61.com\/noticias\/o-tcu-determinou-que-antt-cobre-atrasos-em-obras-de-concessoes-rodoviarias-no-pais-bras202256\">TCU determina que ANTT cobre atrasos em obras de concess\u00f5es rodovi\u00e1rias no pa\u00eds<\/a><\/strong><\/p>\n\n\n\n<p><strong><a href=\"https:\/\/brasil61.com\/noticias\/ac-mdr-anuncia-investimento-de-r-45-mi-para-recuperacao-e-duplicacao-de-rodovias-no-estado-bras202029\">AC: MDR anuncia investimento de R$ 45 mi para recupera\u00e7\u00e3o e duplica\u00e7\u00e3o de rodovias no estado<\/a><\/strong><\/p>\n\n\n\n<p>Pela BR-116 e BR-101, circulam milh\u00f5es de ve\u00edculos diariamente. As rodovias fazem parte da rota em dire\u00e7\u00e3o&nbsp;aos principais pontos de distribui\u00e7\u00e3o de bens e mercadorias, como o porto de Santos, aeroporto de Guarulhos, as regi\u00f5es Sul, Nordeste e Centro-Oeste.<\/p>\n\n\n\n<p>Fonte: <a href=\"https:\/\/brasil61.com\/noticias\/antt-aprova-estudos-para-nova-concessao-da-rodovia-presidente-dutra-bras202390?email=bethdeoliveira@yahoo.com.br&amp;utm_source=email_individual&amp;utm_medium=email_individual&amp;utm_campaign=email_individual\" target=\"_blank\" rel=\"noreferrer noopener\">Brasil 61<\/a><\/p>\n","protected":false},"excerpt":{"rendered":"<p>A Ag\u00eancia Nacional de Transportes Terrestres (ANTT) aprovou o projeto&nbsp;da Empresa de Planejamento e Log\u00edstica<\/p>\n","protected":false},"author":2,"featured_media":4334,"comment_status":"open","ping_status":"open","sticky":false,"template":"","format":"standard","meta":{"footnotes":""},"categories":[14],"tags":[],"class_list":["post-4333","post","type-post","status-publish","format-standard","has-post-thumbnail","hentry","category-pais"],"_links":{"self":[{"href":"https:\/\/tvc16.com\/portal\/wp-json\/wp\/v2\/posts\/4333","targetHints":{"allow":["GET"]}}],"collection":[{"href":"https:\/\/tvc16.com\/portal\/wp-json\/wp\/v2\/posts"}],"about":[{"href":"https:\/\/tvc16.com\/portal\/wp-json\/wp\/v2\/types\/post"}],"author":[{"embeddable":true,"href":"https:\/\/tvc16.com\/portal\/wp-json\/wp\/v2\/users\/2"}],"replies":[{"embeddable":true,"href":"https:\/\/tvc16.com\/portal\/wp-json\/wp\/v2\/comments?post=4333"}],"version-history":[{"count":1,"href":"https:\/\/tvc16.com\/portal\/wp-json\/wp\/v2\/posts\/4333\/revisions"}],"predecessor-version":[{"id":4335,"href":"https:\/\/tvc16.com\/portal\/wp-json\/wp\/v2\/posts\/4333\/revisions\/4335"}],"wp:featuredmedia":[{"embeddable":true,"href":"https:\/\/tvc16.com\/portal\/wp-json\/wp\/v2\/media\/4334"}],"wp:attachment":[{"href":"https:\/\/tvc16.com\/portal\/wp-json\/wp\/v2\/media?parent=4333"}],"wp:term":[{"taxonomy":"category","embeddable":true,"href":"https:\/\/tvc16.com\/portal\/wp-json\/wp\/v2\/categories?post=4333"},{"taxonomy":"post_tag","embeddable":true,"href":"https:\/\/tvc16.com\/portal\/wp-json\/wp\/v2\/tags?post=4333"}],"curies":[{"name":"wp","href":"https:\/\/api.w.org\/{rel}","templated":true}]}}