{"id":4347,"date":"2020-10-30T14:46:22","date_gmt":"2020-10-30T14:46:22","guid":{"rendered":"https:\/\/tvc16.com\/portal\/?p=4347"},"modified":"2020-10-30T14:46:22","modified_gmt":"2020-10-30T14:46:22","slug":"moradores-do-carangola-reclamam-da-falta-de-onibus","status":"publish","type":"post","link":"https:\/\/tvc16.com\/portal\/2020\/10\/30\/moradores-do-carangola-reclamam-da-falta-de-onibus\/","title":{"rendered":"Moradores do Carangola reclamam da falta de \u00f4nibus"},"content":{"rendered":"\n<p>Na manh\u00e3 desta sexta-feira (30) moradores do Carangola se reuniram no ponto final do bairro, para protestar contra a diminui\u00e7\u00e3o dos coletivos que atendem a regi\u00e3o. Segundo eles, desde o in\u00edcio da pandemia o n\u00famero de ve\u00edculos foi reduzido, assim como o de hor\u00e1rios, e at\u00e9 hoje, ap\u00f3s a flexibiliza\u00e7\u00e3o da maior parte das atividades no munic\u00edpio, as viagens normais n\u00e3o foram retomadas. Diante disso, todos os coletivos foram retidos no bairro e s\u00f3 poder\u00e3o sair do bairro \u00e0s 12h.<\/p>\n\n\n\n<p>Como consequ\u00eancia os coletivos t\u00eam ficado lotados provocando aglomera\u00e7\u00e3o, justamente o que deve ser evitado, segundo o Minist\u00e9rio da Sa\u00fade. Os usu\u00e1rios pedem fiscaliza\u00e7\u00e3o por parte da CPTrans e que os antigos hor\u00e1rios das linhas que atendem o bairro sejam retomados, assim como o n\u00famero de coletivos.<\/p>\n\n\n\n<p>O movimento re\u00fane moradores do Vicenzo Rivetti, Vale do Carangola, Divino, Vila Manzini, D\u00e9bora Sucupira, Cidade Nova e Modesto<br>Guimar\u00e3es. A CPTrans e o Setranspetro ainda n\u00e3o se pronunciaram sobre o assunto.<\/p>\n\n\n\n<p>Foto: Conselho de Sa\u00fade do Carangola<\/p>\n","protected":false},"excerpt":{"rendered":"<p>Na manh\u00e3 desta sexta-feira (30) moradores do Carangola se reuniram no ponto final do bairro,<\/p>\n","protected":false},"author":2,"featured_media":4348,"comment_status":"open","ping_status":"open","sticky":false,"template":"","format":"standard","meta":{"footnotes":""},"categories":[12],"tags":[],"class_list":["post-4347","post","type-post","status-publish","format-standard","has-post-thumbnail","hentry","category-cidade"],"_links":{"self":[{"href":"https:\/\/tvc16.com\/portal\/wp-json\/wp\/v2\/posts\/4347","targetHints":{"allow":["GET"]}}],"collection":[{"href":"https:\/\/tvc16.com\/portal\/wp-json\/wp\/v2\/posts"}],"about":[{"href":"https:\/\/tvc16.com\/portal\/wp-json\/wp\/v2\/types\/post"}],"author":[{"embeddable":true,"href":"https:\/\/tvc16.com\/portal\/wp-json\/wp\/v2\/users\/2"}],"replies":[{"embeddable":true,"href":"https:\/\/tvc16.com\/portal\/wp-json\/wp\/v2\/comments?post=4347"}],"version-history":[{"count":1,"href":"https:\/\/tvc16.com\/portal\/wp-json\/wp\/v2\/posts\/4347\/revisions"}],"predecessor-version":[{"id":4349,"href":"https:\/\/tvc16.com\/portal\/wp-json\/wp\/v2\/posts\/4347\/revisions\/4349"}],"wp:featuredmedia":[{"embeddable":true,"href":"https:\/\/tvc16.com\/portal\/wp-json\/wp\/v2\/media\/4348"}],"wp:attachment":[{"href":"https:\/\/tvc16.com\/portal\/wp-json\/wp\/v2\/media?parent=4347"}],"wp:term":[{"taxonomy":"category","embeddable":true,"href":"https:\/\/tvc16.com\/portal\/wp-json\/wp\/v2\/categories?post=4347"},{"taxonomy":"post_tag","embeddable":true,"href":"https:\/\/tvc16.com\/portal\/wp-json\/wp\/v2\/tags?post=4347"}],"curies":[{"name":"wp","href":"https:\/\/api.w.org\/{rel}","templated":true}]}}