{"id":435,"date":"2020-09-15T00:03:51","date_gmt":"2020-09-15T00:03:51","guid":{"rendered":"https:\/\/tvc16.com\/portal\/?p=435"},"modified":"2020-09-15T00:03:51","modified_gmt":"2020-09-15T00:03:51","slug":"em-petropolis-rj-novo-horario-do-comercio-comecou-nesta-segunda-feira","status":"publish","type":"post","link":"https:\/\/tvc16.com\/portal\/2020\/09\/15\/em-petropolis-rj-novo-horario-do-comercio-comecou-nesta-segunda-feira\/","title":{"rendered":"Em Petr\u00f3polis, RJ, novo hor\u00e1rio do com\u00e9rcio come\u00e7ou nesta segunda-feira"},"content":{"rendered":"\n<p><\/p>\n\n\n\n<p>Na \u00faltima sexta-feira o munic\u00edpio ampliou o hor\u00e1rio de funcionamento do com\u00e9rcio. Com isso, a partir desta segunda-feira (14) o Centro Hist\u00f3rico passou a funcionar das 9h30 at\u00e9 \u00e0s 19h. J\u00e1 as lojas da Rua Aureliano Coutinho, Rua Teresa e adjac\u00eancias puderam abrir \u00e0s 8h30 e fechar\u00e3o sempre \u00e0s 17h30. Os bancos, supermercados e farm\u00e1cias continuam podendo funcionar 24 horas por dia, sete dias por semana.<\/p>\n\n\n\n<p>De acordo com a Prefeitura, a amplia\u00e7\u00e3o do hor\u00e1rio est\u00e1 respaldada em nova nota t\u00e9cnica da Secretaria de Sa\u00fade e vai seguir um protocolo de seguran\u00e7a e preven\u00e7\u00e3o \u00e0 Covid-19. A Prefeitura ressaltou segue acompanhando a curva de contamina\u00e7\u00e3o da doen\u00e7a com o apoio de infectologistas. Vale ressaltar que as flexibiliza\u00e7\u00f5es est\u00e3o condicionadas \u00e0 taxa de ocupa\u00e7\u00e3o dos leitos hospitalares na cidade e, caso o n\u00famero chegue a 80%, a Prefeitura poder\u00e1 voltar nas decis\u00f5es, n\u00e3o descartando, inclusive, um poss\u00edvel lockdown.<\/p>\n","protected":false},"excerpt":{"rendered":"<p>Na \u00faltima sexta-feira o munic\u00edpio ampliou o hor\u00e1rio de funcionamento do com\u00e9rcio. Com isso, a<\/p>\n","protected":false},"author":2,"featured_media":436,"comment_status":"open","ping_status":"open","sticky":false,"template":"","format":"standard","meta":{"footnotes":""},"categories":[12],"tags":[],"class_list":["post-435","post","type-post","status-publish","format-standard","has-post-thumbnail","hentry","category-cidade"],"_links":{"self":[{"href":"https:\/\/tvc16.com\/portal\/wp-json\/wp\/v2\/posts\/435","targetHints":{"allow":["GET"]}}],"collection":[{"href":"https:\/\/tvc16.com\/portal\/wp-json\/wp\/v2\/posts"}],"about":[{"href":"https:\/\/tvc16.com\/portal\/wp-json\/wp\/v2\/types\/post"}],"author":[{"embeddable":true,"href":"https:\/\/tvc16.com\/portal\/wp-json\/wp\/v2\/users\/2"}],"replies":[{"embeddable":true,"href":"https:\/\/tvc16.com\/portal\/wp-json\/wp\/v2\/comments?post=435"}],"version-history":[{"count":1,"href":"https:\/\/tvc16.com\/portal\/wp-json\/wp\/v2\/posts\/435\/revisions"}],"predecessor-version":[{"id":437,"href":"https:\/\/tvc16.com\/portal\/wp-json\/wp\/v2\/posts\/435\/revisions\/437"}],"wp:featuredmedia":[{"embeddable":true,"href":"https:\/\/tvc16.com\/portal\/wp-json\/wp\/v2\/media\/436"}],"wp:attachment":[{"href":"https:\/\/tvc16.com\/portal\/wp-json\/wp\/v2\/media?parent=435"}],"wp:term":[{"taxonomy":"category","embeddable":true,"href":"https:\/\/tvc16.com\/portal\/wp-json\/wp\/v2\/categories?post=435"},{"taxonomy":"post_tag","embeddable":true,"href":"https:\/\/tvc16.com\/portal\/wp-json\/wp\/v2\/tags?post=435"}],"curies":[{"name":"wp","href":"https:\/\/api.w.org\/{rel}","templated":true}]}}