{"id":4350,"date":"2020-10-30T14:48:54","date_gmt":"2020-10-30T14:48:54","guid":{"rendered":"https:\/\/tvc16.com\/portal\/?p=4350"},"modified":"2020-10-30T16:29:27","modified_gmt":"2020-10-30T16:29:27","slug":"pm-apreende-drogas-e-menor-no-jardim-salvador","status":"publish","type":"post","link":"https:\/\/tvc16.com\/portal\/2020\/10\/30\/pm-apreende-drogas-e-menor-no-jardim-salvador\/","title":{"rendered":"PM apreende drogas e menor no Jardim Salvador"},"content":{"rendered":"\n<p>Na quinta-feira (29) a Pol\u00edcia Militar recebeu informa\u00e7\u00f5es an\u00f4nimas sobre o tr\u00e1fico de drogas na Rua Ricardo Salvini, no Jardim Salvador. Quando chegaram \u00e0 resid\u00eancia descrita na den\u00fancia, os agentes foram recebidos pela m\u00e3e do menor apontado como o poss\u00edvel traficante. Aos PMs ela confirmou que suspeitava da pr\u00e1tica ilegal do adolescente e os levou at\u00e9 o quarto do menor.<\/p>\n\n\n\n<p>No c\u00f4modo, dentro do arm\u00e1rio, os agentes encontraram em uma sacola com 24 c\u00e1psulas de coca\u00edna, 32 embalagens contendo maconha e 16 tabletes da mesma droga, al\u00e9m de R$ 230 em dinheiro. Os entorpecentes totalizavam 227g de maconha e 52g de coca\u00edna. Em seguida os policiais encontraram o menor em um bar da regi\u00e3o, e o levaram apreendido para a 105\u00aa Delegacia de Pol\u00edcia, no Retiro. Em sede policial ele foi autuado em fato an\u00e1logo por tr\u00e1fico de drogas e permaneceu apreendido.<\/p>\n","protected":false},"excerpt":{"rendered":"<p>Na quinta-feira (29) a Pol\u00edcia Militar recebeu informa\u00e7\u00f5es an\u00f4nimas sobre o tr\u00e1fico de drogas na<\/p>\n","protected":false},"author":2,"featured_media":4351,"comment_status":"open","ping_status":"open","sticky":false,"template":"","format":"standard","meta":{"footnotes":""},"categories":[12],"tags":[],"class_list":["post-4350","post","type-post","status-publish","format-standard","has-post-thumbnail","hentry","category-cidade"],"_links":{"self":[{"href":"https:\/\/tvc16.com\/portal\/wp-json\/wp\/v2\/posts\/4350","targetHints":{"allow":["GET"]}}],"collection":[{"href":"https:\/\/tvc16.com\/portal\/wp-json\/wp\/v2\/posts"}],"about":[{"href":"https:\/\/tvc16.com\/portal\/wp-json\/wp\/v2\/types\/post"}],"author":[{"embeddable":true,"href":"https:\/\/tvc16.com\/portal\/wp-json\/wp\/v2\/users\/2"}],"replies":[{"embeddable":true,"href":"https:\/\/tvc16.com\/portal\/wp-json\/wp\/v2\/comments?post=4350"}],"version-history":[{"count":2,"href":"https:\/\/tvc16.com\/portal\/wp-json\/wp\/v2\/posts\/4350\/revisions"}],"predecessor-version":[{"id":4353,"href":"https:\/\/tvc16.com\/portal\/wp-json\/wp\/v2\/posts\/4350\/revisions\/4353"}],"wp:featuredmedia":[{"embeddable":true,"href":"https:\/\/tvc16.com\/portal\/wp-json\/wp\/v2\/media\/4351"}],"wp:attachment":[{"href":"https:\/\/tvc16.com\/portal\/wp-json\/wp\/v2\/media?parent=4350"}],"wp:term":[{"taxonomy":"category","embeddable":true,"href":"https:\/\/tvc16.com\/portal\/wp-json\/wp\/v2\/categories?post=4350"},{"taxonomy":"post_tag","embeddable":true,"href":"https:\/\/tvc16.com\/portal\/wp-json\/wp\/v2\/tags?post=4350"}],"curies":[{"name":"wp","href":"https:\/\/api.w.org\/{rel}","templated":true}]}}