{"id":43519,"date":"2022-09-11T08:00:00","date_gmt":"2022-09-11T11:00:00","guid":{"rendered":"https:\/\/tvc16.com\/portal\/?p=43519"},"modified":"2022-09-09T23:19:03","modified_gmt":"2022-09-10T02:19:03","slug":"petropolis-revive-periodo-que-corridas-de-automoveis-eram-realizadas-no-centro-historico","status":"publish","type":"post","link":"https:\/\/tvc16.com\/portal\/2022\/09\/11\/petropolis-revive-periodo-que-corridas-de-automoveis-eram-realizadas-no-centro-historico\/","title":{"rendered":"Petr\u00f3polis revive per\u00edodo que corridas de autom\u00f3veis eram realizadas no Centro Hist\u00f3rico"},"content":{"rendered":"\n<p>Neste domingo, 11 de setembro, ser\u00e1 realizada a primeira edi\u00e7\u00e3o do Circuito Imperial de Automobilismo, a partir das 9h, com um desfile pelas ruas da cidade, come\u00e7ando na Pra\u00e7a da Inconfid\u00eancia.<\/p>\n\n\n\n<p>O Circuito Imperial de Automobilismo foi idealizado para que Petr\u00f3polis possa reviver o per\u00edodo que realizava, nas ruas do Centro Hist\u00f3rico, corridas de autom\u00f3veis. Al\u00e9m disso, mostrar \u00e0s novas gera\u00e7\u00f5es, um dos mais importantes momentos automobil\u00edsticos do pa\u00eds.<\/p>\n\n\n\n<figure class=\"wp-block-image size-full\"><img loading=\"lazy\" decoding=\"async\" width=\"344\" height=\"183\" src=\"https:\/\/tvc16.com\/portal\/wp-content\/uploads\/2022\/09\/old-1.jpg\" alt=\"\" class=\"wp-image-43521\" srcset=\"https:\/\/tvc16.com\/portal\/wp-content\/uploads\/2022\/09\/old-1.jpg 344w, https:\/\/tvc16.com\/portal\/wp-content\/uploads\/2022\/09\/old-1-300x160.jpg 300w\" sizes=\"auto, (max-width: 344px) 100vw, 344px\" \/><\/figure>\n\n\n\n<p>Com a inten\u00e7\u00e3o de ser um evento anual, a cada ano vai homenagear uma marca fabricante de autom\u00f3veis. A deste ano ser\u00e1 a Alfa Romeo e a escolha se deu por sua liga\u00e7\u00e3o hist\u00f3rica com a cidade, n\u00e3o apenas pela imigra\u00e7\u00e3o italiana aqui estabelecida, mas tamb\u00e9m pelo fato de ter tido grandes nomes petropolitanos como seus pilotos oficiais: Mario Olivetti, Aylton Varanda, Amilcar Baroni entre outros.<\/p>\n\n\n\n<figure class=\"wp-block-image size-full\"><img loading=\"lazy\" decoding=\"async\" width=\"323\" height=\"229\" src=\"https:\/\/tvc16.com\/portal\/wp-content\/uploads\/2022\/09\/old-2.jpg\" alt=\"\" class=\"wp-image-43522\" srcset=\"https:\/\/tvc16.com\/portal\/wp-content\/uploads\/2022\/09\/old-2.jpg 323w, https:\/\/tvc16.com\/portal\/wp-content\/uploads\/2022\/09\/old-2-300x213.jpg 300w\" sizes=\"auto, (max-width: 323px) 100vw, 323px\" \/><\/figure>\n\n\n\n<p>Na modalidade Desfile de apresenta\u00e7\u00e3o, os organizadores pretendem resgatar a hist\u00f3ria, revivendo o que foi um dos circuitos de corrida mais charmosos e importantes do Brasil nas d\u00e9cadas de 1950 e 1960.<\/p>\n\n\n\n<p>Mantendo o tra\u00e7ado original do circuito, o evento ser\u00e1 realizado em 3 baterias com tr\u00eas voltas cada e participar\u00e3o somente carros de \u00e9poca. A Largada ser\u00e1 na Antiga Rodovi\u00e1ria, segue pela &nbsp;Rua Floriano Peixoto, Rua Alberto Torres, Av. Ipiranga, Rua da Imperatriz, passa pelo Obelisco, segue pela Rua do Imperador at\u00e9 chegar na antiga Rodovi\u00e1ria novamente. O tamanho do circuito \u00e9 de 3.200m. Ser\u00e3o tr\u00eas voltas por bateria totalizando 9.600 metros, com os autom\u00f3veis atingindo a uma Velocidade m\u00e9dia: 30km\/h.<\/p>\n\n\n\n<figure class=\"wp-block-image size-full\"><img loading=\"lazy\" decoding=\"async\" width=\"418\" height=\"214\" src=\"https:\/\/tvc16.com\/portal\/wp-content\/uploads\/2022\/09\/old-3.jpg\" alt=\"\" class=\"wp-image-43523\" srcset=\"https:\/\/tvc16.com\/portal\/wp-content\/uploads\/2022\/09\/old-3.jpg 418w, https:\/\/tvc16.com\/portal\/wp-content\/uploads\/2022\/09\/old-3-300x154.jpg 300w\" sizes=\"auto, (max-width: 418px) 100vw, 418px\" \/><\/figure>\n\n\n\n<p>PROGRAMA\u00c7\u00c3O DE DOMINGO<\/p>\n\n\n\n<p>9 horas: \u2022 Abertura do desfile na P\u00e7a. Da Inconfid\u00eancia (Centro Hist\u00f3rico).<\/p>\n\n\n\n<p>9h30m: \u2022 Inicio da 1\u00aa Bateria de duas voltas no circuito com carros da d\u00e9cada de 1960. 10h15m: \u2022 In\u00edcio da 2\u00aa Bateria de duas voltas no circuito com carros da d\u00e9cada de 1950. 11horas: \u2022 Inicio da 3\u00aa Bateria de duas voltas no circuito com carros das d\u00e9cadas de 1970 e 80. 11h45m: \u2022 Encerramento. Percurso do Circuito Largada: P\u00e7a da Inconfid\u00eancia Rua Floriano Peixoto Rua Alberto Torres Av. Ipiranga Av. Tiradentes Rua da Imperatriz P\u00e7a. D. Pedro Rua do Imperador (lado \u00edmpar) P\u00e7a. Da Inconfid\u00eancia.<\/p>\n","protected":false},"excerpt":{"rendered":"<p>Neste domingo, 11 de setembro, ser\u00e1 realizada a primeira edi\u00e7\u00e3o do Circuito Imperial de Automobilismo,<\/p>\n","protected":false},"author":2,"featured_media":43520,"comment_status":"open","ping_status":"open","sticky":true,"template":"","format":"standard","meta":{"footnotes":""},"categories":[12,21,264,18,20],"tags":[],"class_list":["post-43519","post","type-post","status-publish","format-standard","has-post-thumbnail","hentry","category-cidade","category-cultura","category-destaque","category-economia","category-esporte"],"_links":{"self":[{"href":"https:\/\/tvc16.com\/portal\/wp-json\/wp\/v2\/posts\/43519","targetHints":{"allow":["GET"]}}],"collection":[{"href":"https:\/\/tvc16.com\/portal\/wp-json\/wp\/v2\/posts"}],"about":[{"href":"https:\/\/tvc16.com\/portal\/wp-json\/wp\/v2\/types\/post"}],"author":[{"embeddable":true,"href":"https:\/\/tvc16.com\/portal\/wp-json\/wp\/v2\/users\/2"}],"replies":[{"embeddable":true,"href":"https:\/\/tvc16.com\/portal\/wp-json\/wp\/v2\/comments?post=43519"}],"version-history":[{"count":1,"href":"https:\/\/tvc16.com\/portal\/wp-json\/wp\/v2\/posts\/43519\/revisions"}],"predecessor-version":[{"id":43524,"href":"https:\/\/tvc16.com\/portal\/wp-json\/wp\/v2\/posts\/43519\/revisions\/43524"}],"wp:featuredmedia":[{"embeddable":true,"href":"https:\/\/tvc16.com\/portal\/wp-json\/wp\/v2\/media\/43520"}],"wp:attachment":[{"href":"https:\/\/tvc16.com\/portal\/wp-json\/wp\/v2\/media?parent=43519"}],"wp:term":[{"taxonomy":"category","embeddable":true,"href":"https:\/\/tvc16.com\/portal\/wp-json\/wp\/v2\/categories?post=43519"},{"taxonomy":"post_tag","embeddable":true,"href":"https:\/\/tvc16.com\/portal\/wp-json\/wp\/v2\/tags?post=43519"}],"curies":[{"name":"wp","href":"https:\/\/api.w.org\/{rel}","templated":true}]}}