{"id":43527,"date":"2022-09-10T12:00:00","date_gmt":"2022-09-10T15:00:00","guid":{"rendered":"https:\/\/tvc16.com\/portal\/?p=43527"},"modified":"2022-09-09T23:44:52","modified_gmt":"2022-09-10T02:44:52","slug":"inesquecivel-casamento-week-chega-a-petropolis-capital-estadual-do-casamento-2","status":"publish","type":"post","link":"https:\/\/tvc16.com\/portal\/2022\/09\/10\/inesquecivel-casamento-week-chega-a-petropolis-capital-estadual-do-casamento-2\/","title":{"rendered":"Inesquec\u00edvel Casamento Week chega a Petr\u00f3polis, Capital Estadual do Casamento"},"content":{"rendered":"\n<p>A mostra, que re\u00fane profissionais petropolitanos de diversos segmentos, al\u00e9m de uma s\u00e9rie de fornecedores e prestadores de servi\u00e7os voltados para este setor, ser\u00e1 realizada no Pal\u00e1cio Quitandinha, nos dias 10 e 11 de setembro. <\/p>\n\n\n\n<figure class=\"wp-block-image size-full\"><img loading=\"lazy\" decoding=\"async\" width=\"864\" height=\"576\" src=\"https:\/\/tvc16.com\/portal\/wp-content\/uploads\/2022\/09\/WhatsApp-Image-2022-09-09-at-10.03.51-1.jpeg\" alt=\"\" class=\"wp-image-43529\" srcset=\"https:\/\/tvc16.com\/portal\/wp-content\/uploads\/2022\/09\/WhatsApp-Image-2022-09-09-at-10.03.51-1.jpeg 864w, https:\/\/tvc16.com\/portal\/wp-content\/uploads\/2022\/09\/WhatsApp-Image-2022-09-09-at-10.03.51-1-300x200.jpeg 300w, https:\/\/tvc16.com\/portal\/wp-content\/uploads\/2022\/09\/WhatsApp-Image-2022-09-09-at-10.03.51-1-768x512.jpeg 768w\" sizes=\"auto, (max-width: 864px) 100vw, 864px\" \/><\/figure>\n\n\n\n<p>H\u00e1 20 anos o Inesquec\u00edvel Casamento leva as novidades do setor para 5 capitais do Brasil. Em 2022, al\u00e9m do Rio de Janeiro, o IC Week est\u00e1 percorrendo cidades do interior com potencial de destination wedding, destino para casamentos. A Prefeitura, por meio da Secretaria de Turismo, vai estar presente no evento, junto com o Petr\u00f3polis Convention &amp; Visitors Bureau e a AssociEventos, para oferecer aos casais informa\u00e7\u00f5es sobre a cidade de Petr\u00f3polis, que se consolidou como refer\u00eancia no setor, com todo o seu potencial para realizar o sonho do casamento perfeito.<\/p>\n\n\n\n<figure class=\"wp-block-image size-full\"><img loading=\"lazy\" decoding=\"async\" width=\"783\" height=\"1024\" src=\"https:\/\/tvc16.com\/portal\/wp-content\/uploads\/2022\/09\/WhatsApp-Image-2022-09-09-at-10.03.44.jpeg\" alt=\"\" class=\"wp-image-43530\" srcset=\"https:\/\/tvc16.com\/portal\/wp-content\/uploads\/2022\/09\/WhatsApp-Image-2022-09-09-at-10.03.44.jpeg 783w, https:\/\/tvc16.com\/portal\/wp-content\/uploads\/2022\/09\/WhatsApp-Image-2022-09-09-at-10.03.44-229x300.jpeg 229w, https:\/\/tvc16.com\/portal\/wp-content\/uploads\/2022\/09\/WhatsApp-Image-2022-09-09-at-10.03.44-768x1004.jpeg 768w\" sizes=\"auto, (max-width: 783px) 100vw, 783px\" \/><\/figure>\n\n\n\n<p>\u201cN\u00f3s ficamos muito honrados em receber este evento. A nossa cidade tem profissionais altamente qualificados e lugares incr\u00edveis para oferecer um momento realmente inesquec\u00edvel. N\u00e3o foi \u00e0 toa que, este ano, recebemos este ano o t\u00edtulo de Capital Estadual do Casamento\u201d, destacou a secret\u00e1ria de Turismo, Silvia Guedon.<\/p>\n\n\n\n<figure class=\"wp-block-image size-full\"><img loading=\"lazy\" decoding=\"async\" width=\"858\" height=\"1024\" src=\"https:\/\/tvc16.com\/portal\/wp-content\/uploads\/2022\/09\/WhatsApp-Image-2022-09-09-at-10.03.47.jpeg\" alt=\"\" class=\"wp-image-43531\" srcset=\"https:\/\/tvc16.com\/portal\/wp-content\/uploads\/2022\/09\/WhatsApp-Image-2022-09-09-at-10.03.47.jpeg 858w, https:\/\/tvc16.com\/portal\/wp-content\/uploads\/2022\/09\/WhatsApp-Image-2022-09-09-at-10.03.47-251x300.jpeg 251w, https:\/\/tvc16.com\/portal\/wp-content\/uploads\/2022\/09\/WhatsApp-Image-2022-09-09-at-10.03.47-768x917.jpeg 768w\" sizes=\"auto, (max-width: 858px) 100vw, 858px\" \/><\/figure>\n\n\n\n<p>Participam da Feira mais de 60 fornecedores petropolitanos, das mais diversas \u00e1reas, como cerimonial, gastronomia, hot\u00e9is e pousadas, m\u00fasica ao vivo, DJ, decora\u00e7\u00e3o, entre outras. \u201cChegamos \u00e0 Petr\u00f3polis para mostrar para noivas e noivos de todo o Brasil que podem se casar na cidade, tendo o respaldo de excelentes profissionais, sem necessidade de trazer de fora\u201d, ressaltou o idealizador do IC Week, Fabiano Niederauer.<\/p>\n\n\n\n<p>De acordo com a organizadora local do evento e diretora da AssociEventos, a cerimonialista Rosana Candido, a cidade conta com mais de 300 empresas, cerca de 1000 profissionais diretos e 5000 indiretos ligados aos eventos sociais \u2013 casamentos, bodas e festas de 15 anos. \u201cPetr\u00f3polis por sua localiza\u00e7\u00e3o, seu clima e seus locais de eventos, se torna cidade mais completa. A beleza da nossa cidade \u00e9 \u00fanica e temos conseguido mostrar isso a todos, destacou Rosana.<\/p>\n\n\n\n<p>O Inesquec\u00edvel Week \u00e9 a chance dos casais conhecerem de perto os profissionais, o trabalho de cada um deles e trocar ideias. Giovani Garcia \u00e9 um dos fot\u00f3grafos que v\u00e3o estar no IC Week. Petropolitano, com mais de 20 anos de experi\u00eancia, Giovani faz parte do consagrado grupo de fot\u00f3grafos brasileiros na lista internacional de melhores profissionais de casamento da associa\u00e7\u00e3o Best of Wedding Photograph. J\u00e1 se aventurou com seus clientes por diversos pa\u00edses e recebeu pr\u00eamios nacionais e internacionais por alguns de seus registros, tendo ficado no topo do Ranking da One Eyeland 2021, que premia os melhores fot\u00f3grafos do mundo. \u201c\u00c9 uma honra participar desse evento na minha cidade natal, que tem um potencial enorme nesse ramo, al\u00e9m de excelentes profissionais, locais lind\u00edssimos para casamentos e, claro, para eternizar esse momento com a fotografia\u201d, celebrou Giovani.<\/p>\n\n\n\n<p>Entre as novidades o idealizador da Inesquec\u00edvel Casamento destaca a tecnologia de palcos, efeitos especiais, tel\u00f5es de led e decora\u00e7\u00e3o, com empresas de m\u00f3veis de Petr\u00f3polis lan\u00e7ando novas linhas em veludo, cores fortes e madeira. \u201c\u00c9 o in\u00edcio de um trabalho para fazer crescer e profissionalizar ainda mais o mercado de casamentos em Petr\u00f3polis\u201d, disse Fabiano.<\/p>\n\n\n\n<p>A abertura do Inesquec\u00edvel Week Petr\u00f3polis aconteceu na sexta-feira, 09, apenas para convidados. No s\u00e1bado, 10, e domingo, 11, a mostra estar\u00e1 aberta das 15h, \u00e0s 22h. A entrada \u00e9 de gra\u00e7a.<\/p>\n\n\n\n<p><em><strong>Fotos de Giovane Garcia, todas premiadas<\/strong><\/em><\/p>\n","protected":false},"excerpt":{"rendered":"<p>A mostra, que re\u00fane profissionais petropolitanos de diversos segmentos, al\u00e9m de uma s\u00e9rie de fornecedores<\/p>\n","protected":false},"author":2,"featured_media":43528,"comment_status":"open","ping_status":"open","sticky":true,"template":"","format":"standard","meta":{"footnotes":""},"categories":[12,18],"tags":[],"class_list":["post-43527","post","type-post","status-publish","format-standard","has-post-thumbnail","hentry","category-cidade","category-economia"],"_links":{"self":[{"href":"https:\/\/tvc16.com\/portal\/wp-json\/wp\/v2\/posts\/43527","targetHints":{"allow":["GET"]}}],"collection":[{"href":"https:\/\/tvc16.com\/portal\/wp-json\/wp\/v2\/posts"}],"about":[{"href":"https:\/\/tvc16.com\/portal\/wp-json\/wp\/v2\/types\/post"}],"author":[{"embeddable":true,"href":"https:\/\/tvc16.com\/portal\/wp-json\/wp\/v2\/users\/2"}],"replies":[{"embeddable":true,"href":"https:\/\/tvc16.com\/portal\/wp-json\/wp\/v2\/comments?post=43527"}],"version-history":[{"count":1,"href":"https:\/\/tvc16.com\/portal\/wp-json\/wp\/v2\/posts\/43527\/revisions"}],"predecessor-version":[{"id":43532,"href":"https:\/\/tvc16.com\/portal\/wp-json\/wp\/v2\/posts\/43527\/revisions\/43532"}],"wp:featuredmedia":[{"embeddable":true,"href":"https:\/\/tvc16.com\/portal\/wp-json\/wp\/v2\/media\/43528"}],"wp:attachment":[{"href":"https:\/\/tvc16.com\/portal\/wp-json\/wp\/v2\/media?parent=43527"}],"wp:term":[{"taxonomy":"category","embeddable":true,"href":"https:\/\/tvc16.com\/portal\/wp-json\/wp\/v2\/categories?post=43527"},{"taxonomy":"post_tag","embeddable":true,"href":"https:\/\/tvc16.com\/portal\/wp-json\/wp\/v2\/tags?post=43527"}],"curies":[{"name":"wp","href":"https:\/\/api.w.org\/{rel}","templated":true}]}}