{"id":43533,"date":"2022-09-10T10:00:00","date_gmt":"2022-09-10T13:00:00","guid":{"rendered":"https:\/\/tvc16.com\/portal\/?p=43533"},"modified":"2022-09-09T23:53:09","modified_gmt":"2022-09-10T02:53:09","slug":"deguste-e-feira-de-adocao-de-caes-e-gatos-neste-sabado-na-praca-da-aguia-em-petropolis","status":"publish","type":"post","link":"https:\/\/tvc16.com\/portal\/2022\/09\/10\/deguste-e-feira-de-adocao-de-caes-e-gatos-neste-sabado-na-praca-da-aguia-em-petropolis\/","title":{"rendered":"Deguste e Feira de ado\u00e7\u00e3o de c\u00e3es e gatos neste s\u00e1bado na Pra\u00e7a da \u00c1guia em Petr\u00f3polis"},"content":{"rendered":"\n<p>A Prefeitura promove, neste s\u00e1bado, 10 de setembro, a 24\u00aa Feira de Ado\u00e7\u00e3o Respons\u00e1vel de C\u00e3es e Gatos do ano, na Deguste, na Pra\u00e7a Visconde de Mau\u00e1, mais conhecida como Pra\u00e7a da \u00c1guia, das 11h \u00e0s 16 horas. Todos os animais que estar\u00e3o na feira s\u00e3o vermifugados, castrados e vacinados.<\/p>\n\n\n\n<figure class=\"wp-block-image size-large\"><img loading=\"lazy\" decoding=\"async\" width=\"768\" height=\"1024\" src=\"https:\/\/tvc16.com\/portal\/wp-content\/uploads\/2022\/09\/WhatsApp-Image-2022-09-09-at-18.41.12-768x1024.jpeg\" alt=\"\" class=\"wp-image-43535\" srcset=\"https:\/\/tvc16.com\/portal\/wp-content\/uploads\/2022\/09\/WhatsApp-Image-2022-09-09-at-18.41.12-768x1024.jpeg 768w, https:\/\/tvc16.com\/portal\/wp-content\/uploads\/2022\/09\/WhatsApp-Image-2022-09-09-at-18.41.12-225x300.jpeg 225w, https:\/\/tvc16.com\/portal\/wp-content\/uploads\/2022\/09\/WhatsApp-Image-2022-09-09-at-18.41.12-1152x1536.jpeg 1152w, https:\/\/tvc16.com\/portal\/wp-content\/uploads\/2022\/09\/WhatsApp-Image-2022-09-09-at-18.41.12.jpeg 1200w\" sizes=\"auto, (max-width: 768px) 100vw, 768px\" \/><\/figure>\n\n\n\n<p>&#8220;Este ano est\u00e1 sendo importante para a causa animal. Nas 23 feiras que j\u00e1 promovemos, mais de 100 animais foram adotados. \u00c9 um trabalho que vamos continuar fazendo, em busca de um lar para todos esses c\u00e3es e gatos que tanto precisam de carinho&#8221;, disse o prefeito Rubens Bomtempo.<\/p>\n\n\n\n<p>A coordenadora de Bem Estar Animal (Cobea) da Prefeitura, Raphaela Buriche, destacou a parceria com outras institui\u00e7\u00f5es nas feiras de ado\u00e7\u00e3o.<\/p>\n\n\n\n<figure class=\"wp-block-image size-large\"><img loading=\"lazy\" decoding=\"async\" width=\"768\" height=\"1024\" src=\"https:\/\/tvc16.com\/portal\/wp-content\/uploads\/2022\/09\/WhatsApp-Image-2022-09-09-at-18.41.08-768x1024.jpeg\" alt=\"\" class=\"wp-image-43536\" srcset=\"https:\/\/tvc16.com\/portal\/wp-content\/uploads\/2022\/09\/WhatsApp-Image-2022-09-09-at-18.41.08-768x1024.jpeg 768w, https:\/\/tvc16.com\/portal\/wp-content\/uploads\/2022\/09\/WhatsApp-Image-2022-09-09-at-18.41.08-225x300.jpeg 225w, https:\/\/tvc16.com\/portal\/wp-content\/uploads\/2022\/09\/WhatsApp-Image-2022-09-09-at-18.41.08-1152x1536.jpeg 1152w, https:\/\/tvc16.com\/portal\/wp-content\/uploads\/2022\/09\/WhatsApp-Image-2022-09-09-at-18.41.08.jpeg 1200w\" sizes=\"auto, (max-width: 768px) 100vw, 768px\" \/><\/figure>\n\n\n\n<p>&#8220;Nesta semana estamos com essa parceria com a Deguste e tamb\u00e9m com as ONGs Dog&#8217;s Heaven, C\u00e3o Amor, Clinipet, Amiko e Amor Vira-lata&#8221;, disse Raphaela Buriche.<\/p>\n\n\n\n<p>Organizador da Deguste, Rodrigo Duarte falou tamb\u00e9m sobre a import\u00e2ncia da feira de ado\u00e7\u00e3o.<\/p>\n\n\n\n<p>&#8220;Pra gente, \u00e9 importante apoiar iniciativas como essas e saber que os animais encontram um novo lar por meio da Deguste. E esta edi\u00e7\u00e3o de primavera \u00e9 uma nova oportunidade para quem quer adotar um amigo&#8221;, disse Rodrigo Duarte, organizador da Deguste.<\/p>\n","protected":false},"excerpt":{"rendered":"<p>A Prefeitura promove, neste s\u00e1bado, 10 de setembro, a 24\u00aa Feira de Ado\u00e7\u00e3o Respons\u00e1vel de<\/p>\n","protected":false},"author":2,"featured_media":43534,"comment_status":"open","ping_status":"open","sticky":true,"template":"","format":"standard","meta":{"footnotes":""},"categories":[12,21,264,118],"tags":[],"class_list":["post-43533","post","type-post","status-publish","format-standard","has-post-thumbnail","hentry","category-cidade","category-cultura","category-destaque","category-programacao"],"_links":{"self":[{"href":"https:\/\/tvc16.com\/portal\/wp-json\/wp\/v2\/posts\/43533","targetHints":{"allow":["GET"]}}],"collection":[{"href":"https:\/\/tvc16.com\/portal\/wp-json\/wp\/v2\/posts"}],"about":[{"href":"https:\/\/tvc16.com\/portal\/wp-json\/wp\/v2\/types\/post"}],"author":[{"embeddable":true,"href":"https:\/\/tvc16.com\/portal\/wp-json\/wp\/v2\/users\/2"}],"replies":[{"embeddable":true,"href":"https:\/\/tvc16.com\/portal\/wp-json\/wp\/v2\/comments?post=43533"}],"version-history":[{"count":1,"href":"https:\/\/tvc16.com\/portal\/wp-json\/wp\/v2\/posts\/43533\/revisions"}],"predecessor-version":[{"id":43537,"href":"https:\/\/tvc16.com\/portal\/wp-json\/wp\/v2\/posts\/43533\/revisions\/43537"}],"wp:featuredmedia":[{"embeddable":true,"href":"https:\/\/tvc16.com\/portal\/wp-json\/wp\/v2\/media\/43534"}],"wp:attachment":[{"href":"https:\/\/tvc16.com\/portal\/wp-json\/wp\/v2\/media?parent=43533"}],"wp:term":[{"taxonomy":"category","embeddable":true,"href":"https:\/\/tvc16.com\/portal\/wp-json\/wp\/v2\/categories?post=43533"},{"taxonomy":"post_tag","embeddable":true,"href":"https:\/\/tvc16.com\/portal\/wp-json\/wp\/v2\/tags?post=43533"}],"curies":[{"name":"wp","href":"https:\/\/api.w.org\/{rel}","templated":true}]}}