{"id":43544,"date":"2022-09-10T14:00:00","date_gmt":"2022-09-10T17:00:00","guid":{"rendered":"https:\/\/tvc16.com\/portal\/?p=43544"},"modified":"2022-09-10T00:07:44","modified_gmt":"2022-09-10T03:07:44","slug":"comitiva-da-prefeitura-visita-sobral-para-buscar-politicas-para-a-educacao","status":"publish","type":"post","link":"https:\/\/tvc16.com\/portal\/2022\/09\/10\/comitiva-da-prefeitura-visita-sobral-para-buscar-politicas-para-a-educacao\/","title":{"rendered":"Comitiva da Prefeitura visita Sobral para buscar pol\u00edticas para a educa\u00e7\u00e3o"},"content":{"rendered":"\n<p>Uma comitiva da Prefeitura foi ao munic\u00edpio de Sobral, no Cear\u00e1, conhecer o sistema de educa\u00e7\u00e3o de l\u00e1. O motivo foram os bons resultados obtidos pelo munic\u00edpio cearense no Ideb (\u00cdndice de Desenvolvimento da Educa\u00e7\u00e3o B\u00e1sica) dos \u00faltimos anos. Em 2015 e 2017, Sobral teve o melhor Ideb do pa\u00eds no anos iniciais do ensino fundamental (at\u00e9 o 5\u00ba ano).<\/p>\n\n\n\n<figure class=\"wp-block-image size-large\"><img loading=\"lazy\" decoding=\"async\" width=\"1024\" height=\"683\" src=\"https:\/\/tvc16.com\/portal\/wp-content\/uploads\/2022\/09\/WhatsApp-Image-2022-09-09-at-16.16.58-1024x683.jpeg\" alt=\"\" class=\"wp-image-43546\" srcset=\"https:\/\/tvc16.com\/portal\/wp-content\/uploads\/2022\/09\/WhatsApp-Image-2022-09-09-at-16.16.58-1024x683.jpeg 1024w, https:\/\/tvc16.com\/portal\/wp-content\/uploads\/2022\/09\/WhatsApp-Image-2022-09-09-at-16.16.58-300x200.jpeg 300w, https:\/\/tvc16.com\/portal\/wp-content\/uploads\/2022\/09\/WhatsApp-Image-2022-09-09-at-16.16.58-768x512.jpeg 768w, https:\/\/tvc16.com\/portal\/wp-content\/uploads\/2022\/09\/WhatsApp-Image-2022-09-09-at-16.16.58-1536x1024.jpeg 1536w, https:\/\/tvc16.com\/portal\/wp-content\/uploads\/2022\/09\/WhatsApp-Image-2022-09-09-at-16.16.58-900x600.jpeg 900w, https:\/\/tvc16.com\/portal\/wp-content\/uploads\/2022\/09\/WhatsApp-Image-2022-09-09-at-16.16.58.jpeg 1599w\" sizes=\"auto, (max-width: 1024px) 100vw, 1024px\" \/><\/figure>\n\n\n\n<p>O objetivo do prefeito Rubens Bomtempo com a ida da comitiva \u00e9 que Petr\u00f3polis aprenda com a experi\u00eancia de Sobral na educa\u00e7\u00e3o. Para isso, foram a Sobral entre os dias 23 e 26 de agosto: a secret\u00e1ria de Educa\u00e7\u00e3o, Adriana de Paula, e mais tr\u00eas servidoras da Secretaria de Educa\u00e7\u00e3o.<\/p>\n\n\n\n<p>&#8220;Cada cidade tem a sua realidade, a sua hist\u00f3ria, as caracter\u00edsticas pr\u00f3prias. Mas isso n\u00e3o quer dizer que vamos fechar os olhos para o que acontece em outras cidades. Sobral teve resultados muito positivos nas \u00faltimas edi\u00e7\u00f5es do Ideb. E, agora, vamos analisar o que podemos reproduzir em Petr\u00f3polis&#8221;, disse o prefeito Rubens Bomtempo.<\/p>\n\n\n\n<p>Na noite de quinta-feira (8), o grupo fez uma apresenta\u00e7\u00e3o ao prefeito Rubens Bomtempo, mostrando os principais pontos observados na viagem. Entre os pontos que chamaram a aten\u00e7\u00e3o do prefeito est\u00e3o: o controle de frequ\u00eancia dos alunos (com o percentual de presen\u00e7a de cada turma exposto para a comunidade escolar); a pol\u00edtica de corre\u00e7\u00e3o do fluxo; e a forma\u00e7\u00e3o permanente dos professores.<\/p>\n\n\n\n<p>&#8220;Visitamos 5 unidades da rede de Sobral. Entendemos melhor a pol\u00edtica de educa\u00e7\u00e3o do munic\u00edpio. Algumas medidas que achamos muito interessantes s\u00e3o f\u00e1ceis e baratas de serem implantadas. O prefeito gostou muito do controle de frequ\u00eancia feito l\u00e1. As escolas exp\u00f5em nos quadros dos corredores a m\u00e9dia de frequ\u00eancia de cada turma. Isso ajuda a envolver toda a comunidade escolar nesse processo&#8221;, disse a secret\u00e1ria Adriana de Paula.<\/p>\n\n\n\n<p>Com rela\u00e7\u00e3o aos anos iniciais do ensino fundamental (at\u00e9 o 5\u00ba ano), o Ideb de Sobral ficou em: 8,8 em 2015; 9,1 em 2017; e 8,4 em 2019. J\u00e1 Petr\u00f3polis ficou, respectivamente, com 5,5, 5,6 e 5,4 no per\u00edodo.<\/p>\n","protected":false},"excerpt":{"rendered":"<p>Uma comitiva da Prefeitura foi ao munic\u00edpio de Sobral, no Cear\u00e1, conhecer o sistema de<\/p>\n","protected":false},"author":2,"featured_media":43545,"comment_status":"open","ping_status":"open","sticky":false,"template":"","format":"standard","meta":{"footnotes":""},"categories":[12,18,15],"tags":[],"class_list":["post-43544","post","type-post","status-publish","format-standard","has-post-thumbnail","hentry","category-cidade","category-economia","category-politica"],"_links":{"self":[{"href":"https:\/\/tvc16.com\/portal\/wp-json\/wp\/v2\/posts\/43544","targetHints":{"allow":["GET"]}}],"collection":[{"href":"https:\/\/tvc16.com\/portal\/wp-json\/wp\/v2\/posts"}],"about":[{"href":"https:\/\/tvc16.com\/portal\/wp-json\/wp\/v2\/types\/post"}],"author":[{"embeddable":true,"href":"https:\/\/tvc16.com\/portal\/wp-json\/wp\/v2\/users\/2"}],"replies":[{"embeddable":true,"href":"https:\/\/tvc16.com\/portal\/wp-json\/wp\/v2\/comments?post=43544"}],"version-history":[{"count":1,"href":"https:\/\/tvc16.com\/portal\/wp-json\/wp\/v2\/posts\/43544\/revisions"}],"predecessor-version":[{"id":43547,"href":"https:\/\/tvc16.com\/portal\/wp-json\/wp\/v2\/posts\/43544\/revisions\/43547"}],"wp:featuredmedia":[{"embeddable":true,"href":"https:\/\/tvc16.com\/portal\/wp-json\/wp\/v2\/media\/43545"}],"wp:attachment":[{"href":"https:\/\/tvc16.com\/portal\/wp-json\/wp\/v2\/media?parent=43544"}],"wp:term":[{"taxonomy":"category","embeddable":true,"href":"https:\/\/tvc16.com\/portal\/wp-json\/wp\/v2\/categories?post=43544"},{"taxonomy":"post_tag","embeddable":true,"href":"https:\/\/tvc16.com\/portal\/wp-json\/wp\/v2\/tags?post=43544"}],"curies":[{"name":"wp","href":"https:\/\/api.w.org\/{rel}","templated":true}]}}