{"id":43548,"date":"2022-09-11T11:13:00","date_gmt":"2022-09-11T14:13:00","guid":{"rendered":"https:\/\/tvc16.com\/portal\/?p=43548"},"modified":"2022-09-10T00:16:17","modified_gmt":"2022-09-10T03:16:17","slug":"10a-edicao-do-cafe-comunitario-sera-realizado-em-araras-na-proxima-quarta-feira-14","status":"publish","type":"post","link":"https:\/\/tvc16.com\/portal\/2022\/09\/11\/10a-edicao-do-cafe-comunitario-sera-realizado-em-araras-na-proxima-quarta-feira-14\/","title":{"rendered":"10\u00aa edi\u00e7\u00e3o do Caf\u00e9 Comunit\u00e1rio ser\u00e1 realizado em Araras na pr\u00f3xima quarta-feira (14)"},"content":{"rendered":"\n<p>Richard Stoltzenburg<\/p>\n\n\n\n<p>Na pr\u00f3xima quarta-feira (14), moradores e associados ao Projeto Araras participar\u00e3o da 10\u00aa edi\u00e7\u00e3o do Caf\u00e9 Comunit\u00e1rio e da 23\u00aa edi\u00e7\u00e3o do Festival Limpeza de Araras. O evento vai ser realizado na Estrada Bernardo Coutinho, 1.710, \u00e0s 9h30 da manh\u00e3 e ocorre entre os dias 14 e 24 de setembro.<\/p>\n\n\n\n<p>O objetivo do evento \u00e9 preservar o meio ambiente da regi\u00e3o, que inclui parte da Mata Atl\u00e2ntica, al\u00e9m de celebrar a vida. O evento conta ainda com workshops, palestras e uma feirinha de sustentabilidade. A entrada \u00e9 gratuita.<\/p>\n\n\n\n<p>A regi\u00e3o de Araras ainda contempla o Monumento Da Serra da Maria Comprida, al\u00e9m de contar com trilhas, cachoeiras, rede hoteleira e restaurantes. De acordo com a presidente do Projeto Araras, \u00c9rica Brotherhood, a iniciativa surgiu dos pr\u00f3prios moradores. \u201cO primeiro festival foi um mutir\u00e3o e nesse momento vimos que havia a necessidade de se criar uma ONG. O evento n\u00e3o trata apenas de quest\u00f5es ambientais, mas traz a arte, cultura, o pertencimento do ambiente. Al\u00e9m de cuidar, nosso objetivo \u00e9 preservar\u201d, informou.<\/p>\n\n\n\n<p>Nos \u00faltimos dois anos o evento n\u00e3o foi realizado por conta da pandemia. Criado em 2001, o projeto debate e sugere solu\u00e7\u00f5es para os problemas da regi\u00e3o, visto que na localidade residem 16 mil habitantes, de acordo com o Instituto Brasileiro de Geografia e Estat\u00edstica (IBGE). Em 2016, realizou uma \u00b4parceria com a Universidade Cat\u00f3lica de Petr\u00f3polis para ampliar as a\u00e7\u00f5es realizadas no projeto.<\/p>\n","protected":false},"excerpt":{"rendered":"<p>Richard Stoltzenburg Na pr\u00f3xima quarta-feira (14), moradores e associados ao Projeto Araras participar\u00e3o da 10\u00aa<\/p>\n","protected":false},"author":2,"featured_media":43549,"comment_status":"open","ping_status":"open","sticky":true,"template":"","format":"standard","meta":{"footnotes":""},"categories":[12,21,18,19,15,118],"tags":[],"class_list":["post-43548","post","type-post","status-publish","format-standard","has-post-thumbnail","hentry","category-cidade","category-cultura","category-economia","category-educacao","category-politica","category-programacao"],"_links":{"self":[{"href":"https:\/\/tvc16.com\/portal\/wp-json\/wp\/v2\/posts\/43548","targetHints":{"allow":["GET"]}}],"collection":[{"href":"https:\/\/tvc16.com\/portal\/wp-json\/wp\/v2\/posts"}],"about":[{"href":"https:\/\/tvc16.com\/portal\/wp-json\/wp\/v2\/types\/post"}],"author":[{"embeddable":true,"href":"https:\/\/tvc16.com\/portal\/wp-json\/wp\/v2\/users\/2"}],"replies":[{"embeddable":true,"href":"https:\/\/tvc16.com\/portal\/wp-json\/wp\/v2\/comments?post=43548"}],"version-history":[{"count":1,"href":"https:\/\/tvc16.com\/portal\/wp-json\/wp\/v2\/posts\/43548\/revisions"}],"predecessor-version":[{"id":43550,"href":"https:\/\/tvc16.com\/portal\/wp-json\/wp\/v2\/posts\/43548\/revisions\/43550"}],"wp:featuredmedia":[{"embeddable":true,"href":"https:\/\/tvc16.com\/portal\/wp-json\/wp\/v2\/media\/43549"}],"wp:attachment":[{"href":"https:\/\/tvc16.com\/portal\/wp-json\/wp\/v2\/media?parent=43548"}],"wp:term":[{"taxonomy":"category","embeddable":true,"href":"https:\/\/tvc16.com\/portal\/wp-json\/wp\/v2\/categories?post=43548"},{"taxonomy":"post_tag","embeddable":true,"href":"https:\/\/tvc16.com\/portal\/wp-json\/wp\/v2\/tags?post=43548"}],"curies":[{"name":"wp","href":"https:\/\/api.w.org\/{rel}","templated":true}]}}