{"id":43556,"date":"2022-09-10T12:45:00","date_gmt":"2022-09-10T15:45:00","guid":{"rendered":"https:\/\/tvc16.com\/portal\/?p=43556"},"modified":"2022-09-10T01:09:22","modified_gmt":"2022-09-10T04:09:22","slug":"segunda-reuniao-do-programa-cidade-empreendedora-reune-sebrae-e-gestores-municipais-em-nova-friburgo","status":"publish","type":"post","link":"https:\/\/tvc16.com\/portal\/2022\/09\/10\/segunda-reuniao-do-programa-cidade-empreendedora-reune-sebrae-e-gestores-municipais-em-nova-friburgo\/","title":{"rendered":"Segunda reuni\u00e3o do programa Cidade Empreendedora re\u00fane Sebrae e gestores municipais\u00a0em Nova Friburgo"},"content":{"rendered":"\n<p>A segunda reuni\u00e3o operacional do Comit\u00ea Gestor do Programa Cidade Empreendedora foi realizada nessta sexta-feira, 9 de setembro, no audit\u00f3rio da Secretaria Municipal de Educa\u00e7\u00e3o, reunindo servidores de v\u00e1rios setores da Administra\u00e7\u00e3o e Secret\u00e1rios municipais. Conduzida pelo consultor Sidney Mathias, do Sebrae, o encontro serviu para tra\u00e7ar estrat\u00e9gias e a\u00e7\u00f5es de suporte \u00e0 participa\u00e7\u00e3o de Nova Friburgo no programa.\u00a0<\/p>\n\n\n\n<figure class=\"wp-block-image size-full\"><img loading=\"lazy\" decoding=\"async\" width=\"1024\" height=\"768\" src=\"https:\/\/tvc16.com\/portal\/wp-content\/uploads\/2022\/09\/whatsapp-image-2022-09-09-at-165501-1.jpeg\" alt=\"\" class=\"wp-image-43559\" srcset=\"https:\/\/tvc16.com\/portal\/wp-content\/uploads\/2022\/09\/whatsapp-image-2022-09-09-at-165501-1.jpeg 1024w, https:\/\/tvc16.com\/portal\/wp-content\/uploads\/2022\/09\/whatsapp-image-2022-09-09-at-165501-1-300x225.jpeg 300w, https:\/\/tvc16.com\/portal\/wp-content\/uploads\/2022\/09\/whatsapp-image-2022-09-09-at-165501-1-768x576.jpeg 768w, https:\/\/tvc16.com\/portal\/wp-content\/uploads\/2022\/09\/whatsapp-image-2022-09-09-at-165501-1-200x150.jpeg 200w\" sizes=\"auto, (max-width: 1024px) 100vw, 1024px\" \/><\/figure>\n\n\n\n<p>Os encontros ocorrem regularmente com participa\u00e7\u00e3o dos secret\u00e1rios municipais e t\u00e9cnicos da Secretaria de Finan\u00e7as, Planejamento, Desenvolvimento Econ\u00f4mico e Gest\u00e3o, e tamb\u00e9m de Educa\u00e7\u00e3o, Agricultura, Procuradoria-Geral, e os setores de Compras, Licita\u00e7\u00e3o e Comunica\u00e7\u00e3o do Munic\u00edpio. Esses profissionais dividem informa\u00e7\u00f5es importantes, revendo fluxos de procedimentos, processos e legisla\u00e7\u00e3o, agregando mudan\u00e7as positivas para que o Munic\u00edpio implemente boas pr\u00e1ticas administrativas para direcionar, acelerar e sustentar o processo de desenvolvimento socioecon\u00f4mico municipal.&nbsp;<\/p>\n\n\n\n<p>Os encontros ainda contam com diversas consultorias tem\u00e1ticas, como: desburocratiza\u00e7\u00e3o; Sala do Empreendedor; Educa\u00e7\u00e3o empreendedora; Agricultura e compras governamentais. O objetivo \u00e9 a elabora\u00e7\u00e3o de um plano de a\u00e7\u00e3o no qual o Sebrae elencou mais de 100 indicadores que passam por todos esses eixos. No final do ano ser\u00e1 realizada a premia\u00e7\u00e3o de reconhecimento do Programa Cidade Empreendedora entre os munic\u00edpios que mais se destacaram nas metas propostas.<\/p>\n","protected":false},"excerpt":{"rendered":"<p>A segunda reuni\u00e3o operacional do Comit\u00ea Gestor do Programa Cidade Empreendedora foi realizada nessta sexta-feira,<\/p>\n","protected":false},"author":2,"featured_media":43557,"comment_status":"open","ping_status":"open","sticky":false,"template":"","format":"standard","meta":{"footnotes":""},"categories":[18,19,17,15],"tags":[],"class_list":["post-43556","post","type-post","status-publish","format-standard","has-post-thumbnail","hentry","category-economia","category-educacao","category-outras-noticias","category-politica"],"_links":{"self":[{"href":"https:\/\/tvc16.com\/portal\/wp-json\/wp\/v2\/posts\/43556","targetHints":{"allow":["GET"]}}],"collection":[{"href":"https:\/\/tvc16.com\/portal\/wp-json\/wp\/v2\/posts"}],"about":[{"href":"https:\/\/tvc16.com\/portal\/wp-json\/wp\/v2\/types\/post"}],"author":[{"embeddable":true,"href":"https:\/\/tvc16.com\/portal\/wp-json\/wp\/v2\/users\/2"}],"replies":[{"embeddable":true,"href":"https:\/\/tvc16.com\/portal\/wp-json\/wp\/v2\/comments?post=43556"}],"version-history":[{"count":1,"href":"https:\/\/tvc16.com\/portal\/wp-json\/wp\/v2\/posts\/43556\/revisions"}],"predecessor-version":[{"id":43560,"href":"https:\/\/tvc16.com\/portal\/wp-json\/wp\/v2\/posts\/43556\/revisions\/43560"}],"wp:featuredmedia":[{"embeddable":true,"href":"https:\/\/tvc16.com\/portal\/wp-json\/wp\/v2\/media\/43557"}],"wp:attachment":[{"href":"https:\/\/tvc16.com\/portal\/wp-json\/wp\/v2\/media?parent=43556"}],"wp:term":[{"taxonomy":"category","embeddable":true,"href":"https:\/\/tvc16.com\/portal\/wp-json\/wp\/v2\/categories?post=43556"},{"taxonomy":"post_tag","embeddable":true,"href":"https:\/\/tvc16.com\/portal\/wp-json\/wp\/v2\/tags?post=43556"}],"curies":[{"name":"wp","href":"https:\/\/api.w.org\/{rel}","templated":true}]}}