{"id":43561,"date":"2022-09-10T08:15:00","date_gmt":"2022-09-10T11:15:00","guid":{"rendered":"https:\/\/tvc16.com\/portal\/?p=43561"},"modified":"2022-09-10T01:17:30","modified_gmt":"2022-09-10T04:17:30","slug":"cerimonia-marca-a-abertura-dos-jogos-florais-2022-em-nova-friburgo","status":"publish","type":"post","link":"https:\/\/tvc16.com\/portal\/2022\/09\/10\/cerimonia-marca-a-abertura-dos-jogos-florais-2022-em-nova-friburgo\/","title":{"rendered":"Cerim\u00f4nia marca a abertura dos Jogos Florais 2022 em Nova Friburgo"},"content":{"rendered":"\n<p>Na tarde da desta sexta feira, 9 de setembro, foi realizada, na Pra\u00e7a Dermeval Barbosa Moreira, a cerim\u00f4nia de recep\u00e7\u00e3o aos trovadores e visitantes de v\u00e1rias regi\u00f5es do Brasil e a abertura oficial dos LXIII Jogos Florais de Nova Friburgo.&nbsp;<\/p>\n\n\n\n<p>Estiveram presentes a presidente da Uni\u00e3o Brasileira de Trovadores (UBT) de Nova Friburgo, Elizabeth Souza Cruz; o presidente nacional da UBT, Andr\u00e9a Mota; e a presidente estadual, Talita Batista, o secret\u00e1rio de Cultura de Nova Friburgo, Daniel Silveira e a secret\u00e1ria de Educa\u00e7\u00e3o, Caroline Klein, al\u00e9m de diversos convidados e amantes das trovas.&nbsp;<\/p>\n\n\n\n<p>O evento tamb\u00e9m contou com a entrega das chaves para o vencedor do concurso nacional de trovas, Francisco Garcia. Em seguida, foi inaugurada a Alameda das Trovas Eduardo Rodrigues, na Pra\u00e7a Dermeval Barbosa Moreira.&nbsp;<\/p>\n\n\n\n<p>A programa\u00e7\u00e3o do evento se estender\u00e1 durante todo este fim de semana, com diversas apresenta\u00e7\u00f5es e festividades com premia\u00e7\u00f5es. Confira a programa\u00e7\u00e3o completa e participe.<\/p>\n\n\n\n<figure class=\"wp-block-image size-large\"><img loading=\"lazy\" decoding=\"async\" width=\"768\" height=\"1024\" src=\"https:\/\/tvc16.com\/portal\/wp-content\/uploads\/2022\/09\/whatsapp-image-2022-09-09-at-191808-768x1024.jpeg\" alt=\"\" class=\"wp-image-43563\" srcset=\"https:\/\/tvc16.com\/portal\/wp-content\/uploads\/2022\/09\/whatsapp-image-2022-09-09-at-191808-768x1024.jpeg 768w, https:\/\/tvc16.com\/portal\/wp-content\/uploads\/2022\/09\/whatsapp-image-2022-09-09-at-191808-225x300.jpeg 225w, https:\/\/tvc16.com\/portal\/wp-content\/uploads\/2022\/09\/whatsapp-image-2022-09-09-at-191808.jpeg 960w\" sizes=\"auto, (max-width: 768px) 100vw, 768px\" \/><\/figure>\n","protected":false},"excerpt":{"rendered":"<p>Na tarde da desta sexta feira, 9 de setembro, foi realizada, na Pra\u00e7a Dermeval Barbosa<\/p>\n","protected":false},"author":2,"featured_media":43562,"comment_status":"open","ping_status":"open","sticky":false,"template":"","format":"standard","meta":{"footnotes":""},"categories":[21,19,17,118],"tags":[],"class_list":["post-43561","post","type-post","status-publish","format-standard","has-post-thumbnail","hentry","category-cultura","category-educacao","category-outras-noticias","category-programacao"],"_links":{"self":[{"href":"https:\/\/tvc16.com\/portal\/wp-json\/wp\/v2\/posts\/43561","targetHints":{"allow":["GET"]}}],"collection":[{"href":"https:\/\/tvc16.com\/portal\/wp-json\/wp\/v2\/posts"}],"about":[{"href":"https:\/\/tvc16.com\/portal\/wp-json\/wp\/v2\/types\/post"}],"author":[{"embeddable":true,"href":"https:\/\/tvc16.com\/portal\/wp-json\/wp\/v2\/users\/2"}],"replies":[{"embeddable":true,"href":"https:\/\/tvc16.com\/portal\/wp-json\/wp\/v2\/comments?post=43561"}],"version-history":[{"count":1,"href":"https:\/\/tvc16.com\/portal\/wp-json\/wp\/v2\/posts\/43561\/revisions"}],"predecessor-version":[{"id":43564,"href":"https:\/\/tvc16.com\/portal\/wp-json\/wp\/v2\/posts\/43561\/revisions\/43564"}],"wp:featuredmedia":[{"embeddable":true,"href":"https:\/\/tvc16.com\/portal\/wp-json\/wp\/v2\/media\/43562"}],"wp:attachment":[{"href":"https:\/\/tvc16.com\/portal\/wp-json\/wp\/v2\/media?parent=43561"}],"wp:term":[{"taxonomy":"category","embeddable":true,"href":"https:\/\/tvc16.com\/portal\/wp-json\/wp\/v2\/categories?post=43561"},{"taxonomy":"post_tag","embeddable":true,"href":"https:\/\/tvc16.com\/portal\/wp-json\/wp\/v2\/tags?post=43561"}],"curies":[{"name":"wp","href":"https:\/\/api.w.org\/{rel}","templated":true}]}}