{"id":43568,"date":"2022-09-10T17:25:00","date_gmt":"2022-09-10T20:25:00","guid":{"rendered":"https:\/\/tvc16.com\/portal\/?p=43568"},"modified":"2022-09-10T01:29:31","modified_gmt":"2022-09-10T04:29:31","slug":"projeto-sesc-esporte-conta-com-a-chancela-do-bicampeao-olimpico-giovane-gavio","status":"publish","type":"post","link":"https:\/\/tvc16.com\/portal\/2022\/09\/10\/projeto-sesc-esporte-conta-com-a-chancela-do-bicampeao-olimpico-giovane-gavio\/","title":{"rendered":"Projeto Sesc + Esporte conta com a chancela do bicampe\u00e3o ol\u00edmpico Giovane G\u00e1vio"},"content":{"rendered":"\n<p>O Sesc RJ em parceria com a Prefeitura de Teres\u00f3polis, atrav\u00e9s da Secretaria Municipal de Esporte e Lazer, promoveu uma aula inaugural de v\u00f4lei no Gin\u00e1sio Poliesportivo Pedro Jahara (Pedr\u00e3o) para dar in\u00edcio ao Projeto Sesc + Esporte. Realizada na \u00faltima quinta-feira (8), a inaugura\u00e7\u00e3o contou com a presen\u00e7a do bicampe\u00e3o ol\u00edmpico de v\u00f4lei, Giovane G\u00e1vio, que chancela a iniciativa.<\/p>\n\n\n\n<figure class=\"wp-block-image size-large\"><img loading=\"lazy\" decoding=\"async\" width=\"1024\" height=\"682\" src=\"https:\/\/tvc16.com\/portal\/wp-content\/uploads\/2022\/09\/1-1-1024x682.jpeg\" alt=\"\" class=\"wp-image-43570\" srcset=\"https:\/\/tvc16.com\/portal\/wp-content\/uploads\/2022\/09\/1-1-1024x682.jpeg 1024w, https:\/\/tvc16.com\/portal\/wp-content\/uploads\/2022\/09\/1-1-300x200.jpeg 300w, https:\/\/tvc16.com\/portal\/wp-content\/uploads\/2022\/09\/1-1-768x512.jpeg 768w, https:\/\/tvc16.com\/portal\/wp-content\/uploads\/2022\/09\/1-1-900x600.jpeg 900w, https:\/\/tvc16.com\/portal\/wp-content\/uploads\/2022\/09\/1-1.jpeg 1280w\" sizes=\"auto, (max-width: 1024px) 100vw, 1024px\" \/><\/figure>\n\n\n\n<p>Com o objetivo de estimular a pr\u00e1tica de atividades f\u00edsicas, a metodologia utilizada nas aulas ser\u00e1 a do atleta, m\u00e9todo de ensino que baseia-se na divers\u00e3o, incentiva as crian\u00e7as e jovens a aprender atrav\u00e9s do brincar.&nbsp; A proposta \u00e9 atuar com mini quadras e equipamentos espec\u00edficos e adequados a essa pr\u00e1tica, como bolas mais leves e pr\u00f3prias para a inicia\u00e7\u00e3o. Al\u00e9m disso, \u00e9 tornar o esporte leve e divertido, conectando a brincadeira \u00e0 aprendizagem e estimular mais a pr\u00e1tica da atividade f\u00edsica, pe\u00e7a fundamental para o desenvolvimento humano. Inicialmente, s\u00e3o 36 vagas para alunos entre 7 e 14 anos inscritos, formando duas turmas. As inscri\u00e7\u00f5es est\u00e3o abertas desde agosto e ainda restam algumas vagas.<\/p>\n\n\n\n<p>\u201cEstamos fazendo hist\u00f3ria em Teres\u00f3polis lan\u00e7ando um projeto que tem tudo para ser refer\u00eancia n\u00e3o s\u00f3 no Estado do Rio, mas em todo o Brasil. Independentemente se v\u00e3o ser campe\u00f5es ol\u00edmpicos ou n\u00e3o, voc\u00eas v\u00e3o aprender os valores que o esporte ensina de uma forma l\u00fadica, gostosa e simples. Ent\u00e3o crian\u00e7as e jovens, brinquem, aprendam e aproveitem esta oportunidade, pois com certeza voc\u00eas sair\u00e3o deste projeto muito melhores do que entraram. Parabenizo o Prefeito e a Secretaria de Esporte pela iniciativa e que a parceria com o Sesc seja duradoura\u201d, frisou o bicampe\u00e3o ol\u00edmpico, Giovane G\u00e1vio.<\/p>\n\n\n\n<p>\u201cTeres\u00f3polis assume o desafio de incentivar a pr\u00e1tica do v\u00f4lei, uma das modalidades esportivas que tem ra\u00edzes na nossa terra. Muitos talentos foram forjados atrav\u00e9s do esporte e nossa inten\u00e7\u00e3o \u00e9 formar atletas vencedores, quem sabe campe\u00f5es ol\u00edmpicos. Agrade\u00e7o a participa\u00e7\u00e3o do Giovane Gavio, pois quando um campe\u00e3o ol\u00edmpico assina um projeto como esse, trabalhando o lado social, estimulando a pr\u00e1tica esportiva e levando disciplina e alegria \u00e0s fam\u00edlias, com certeza \u00e9 sin\u00f4nimo de sucesso. Tamb\u00e9m agrade\u00e7o ao Sesc pela parceria, \u00e0 Fecom\u00e9rcio e ao Sincom\u00e9rcio por acreditarem no esporte em Teres\u00f3polis\u201d, destacou o Prefeito Vinicius Claussen anunciando para a pr\u00f3xima semana a ordem de in\u00edcio da reforma de sete quadras em pra\u00e7as p\u00fablicas de Teres\u00f3polis.<\/p>\n\n\n\n<p>A expectativa \u00e9 que o projeto Rede Sesc RJ + Esporte tenha longa dura\u00e7\u00e3o em Teres\u00f3polis. \u201cEm nome da Fecom\u00e9rcio, \u00e9 uma honra fazer parte deste projeto piloto de fomento ao esporte, que tem um olhar direcionado para a crian\u00e7a e o jovem. Tenho certeza que mais esta parceria com a Prefeitura e toda sua equipe ser\u00e1 sin\u00f4nimo de sucesso\u201d, afirmou Monica Velasques, gerente de Esporte e Lazer do Sesc-RJ, acompanhada pela equipe da Unidade Sesc Teres\u00f3polis: a gerente Operacional, Paula Gueiros, o analista de Esporte, Andr\u00e9 Alves, e o professor, Edilmar Simonazi.<\/p>\n\n\n\n<p>\u201cO objetivo da gest\u00e3o do Prefeito Vinicius Claussen \u00e9 utilizar o esporte como um instrumento de socializa\u00e7\u00e3o com vi\u00e9s educacional e social para crian\u00e7as e adolescentes. Este \u00e9 mais um projeto de car\u00e1ter inclusivo realizado em parceria com o Sesc RJ e o Giovane G\u00e1vio. Em nome de toda a equipe do Esporte, nosso agradecimento por acreditarem no potencial do esporte teresopolitano\u201d, destacou a secret\u00e1ria de Esporte e Lazer, Geov\u00e2nia Maia.<\/p>\n\n\n\n<p>O diretor Pedro Turl representou o presidente do Sincom\u00e9rcio Teres\u00f3polis na aula inaugural do projeto. \u201cParabenizo a todos pela iniciativa, que vai mudar a vida de muitas crian\u00e7as e jovens. Sempre joguei v\u00f4lei e h\u00f3quei pela cidade e estar aqui me fez relembrar bons momentos. Parab\u00e9ns ao Prefeito Vinicius por tudo que tem feito em Teres\u00f3polis e ao Giovane pela parceria e carinho com os nossos adolescentes\u201d, pontuou o diretor.<\/p>\n\n\n\n<p>\u201cSabemos da import\u00e2ncia de apoiar projetos sociais e esportivos como este. Como vereadora do esporte, fico feliz em fazer parte desse momento, pois o voleibol sempre foi a minha paix\u00e3o. Eu me emociono ao ver todas essas crian\u00e7as e jovens aqui, pois o esporte \u00e9 fundamental e s\u00e3o eles que v\u00e3o continuar a hist\u00f3ria de Teres\u00f3polis. Parab\u00e9ns a todas as equipes envolvidas na iniciativa, tenho certeza que este \u00e9 mais um projeto para somar no esporte teresopolitano\u201d, ressaltou a vereadora \u00c9rika Marra, acompanhada do coordenador do Complexo Desportivo Marra, Jhony Marra.<\/p>\n\n\n\n<p>As alunas de v\u00f4lei da Secretaria de Esporte comemoraram o lan\u00e7amento de mais este projeto em Teres\u00f3polis, que vai reunir jovens e crian\u00e7as de v\u00e1rias idades, proporcionando uma experi\u00eancia diferente, com quadras reduzidas e bolas especiais. \u201cEstou muito animada, acredito que vai ser bem diferente e interativo. Como gosto muito de v\u00f4lei, a motiva\u00e7\u00e3o com esta novidade \u00e9 muito maior. Estou ansiosa para que as aulas comecem logo\u201d, disse a aluna Giovana dos Santos. \u201cO m\u00e9todo Giovane G\u00e1vio ir\u00e1 somar bastante neste contexto do v\u00f4lei aqui na cidade, estamos muito animados com esta iniciativa. O esporte \u00e9 a minha paix\u00e3o e n\u00f3s esperamos que o projeto d\u00ea oportunidade para muitas crian\u00e7as a participarem\u201d, finalizou Melissa de Oliveira.<\/p>\n\n\n\n<p>Tamb\u00e9m prestigiaram o evento a gerente de Rela\u00e7\u00f5es Sindicais da Fecom\u00e9rcio Regi\u00e3o Serrana, Ana Medeiros; a Secret\u00e1ria Municipal Elizabeth Mazzi (Turismo), os subsecret\u00e1rios municipais; Ana Braga (Projeto e Planejamentos Especiais), Filipe Rebello (Ordem P\u00fablica), Henrique Silva (Turismo), Janna\u00edna Costa (Assessoria de Comunica\u00e7\u00e3o) e Julie Siqueira (Eventos).<\/p>\n\n\n\n<p>Ascom Teres\u00f3polis <\/p>\n\n\n\n<p>Fotos Divulga\u00e7\u00e3o: Bruno Nepomuceno\u00a0<\/p>\n","protected":false},"excerpt":{"rendered":"<p>O Sesc RJ em parceria com a Prefeitura de Teres\u00f3polis, atrav\u00e9s da Secretaria Municipal de<\/p>\n","protected":false},"author":2,"featured_media":43569,"comment_status":"open","ping_status":"open","sticky":false,"template":"","format":"standard","meta":{"footnotes":""},"categories":[21,264,19,20],"tags":[],"class_list":["post-43568","post","type-post","status-publish","format-standard","has-post-thumbnail","hentry","category-cultura","category-destaque","category-educacao","category-esporte"],"_links":{"self":[{"href":"https:\/\/tvc16.com\/portal\/wp-json\/wp\/v2\/posts\/43568","targetHints":{"allow":["GET"]}}],"collection":[{"href":"https:\/\/tvc16.com\/portal\/wp-json\/wp\/v2\/posts"}],"about":[{"href":"https:\/\/tvc16.com\/portal\/wp-json\/wp\/v2\/types\/post"}],"author":[{"embeddable":true,"href":"https:\/\/tvc16.com\/portal\/wp-json\/wp\/v2\/users\/2"}],"replies":[{"embeddable":true,"href":"https:\/\/tvc16.com\/portal\/wp-json\/wp\/v2\/comments?post=43568"}],"version-history":[{"count":1,"href":"https:\/\/tvc16.com\/portal\/wp-json\/wp\/v2\/posts\/43568\/revisions"}],"predecessor-version":[{"id":43571,"href":"https:\/\/tvc16.com\/portal\/wp-json\/wp\/v2\/posts\/43568\/revisions\/43571"}],"wp:featuredmedia":[{"embeddable":true,"href":"https:\/\/tvc16.com\/portal\/wp-json\/wp\/v2\/media\/43569"}],"wp:attachment":[{"href":"https:\/\/tvc16.com\/portal\/wp-json\/wp\/v2\/media?parent=43568"}],"wp:term":[{"taxonomy":"category","embeddable":true,"href":"https:\/\/tvc16.com\/portal\/wp-json\/wp\/v2\/categories?post=43568"},{"taxonomy":"post_tag","embeddable":true,"href":"https:\/\/tvc16.com\/portal\/wp-json\/wp\/v2\/tags?post=43568"}],"curies":[{"name":"wp","href":"https:\/\/api.w.org\/{rel}","templated":true}]}}