{"id":43572,"date":"2022-09-10T07:50:00","date_gmt":"2022-09-10T10:50:00","guid":{"rendered":"https:\/\/tvc16.com\/portal\/?p=43572"},"modified":"2022-09-10T01:40:13","modified_gmt":"2022-09-10T04:40:13","slug":"praca-da-matriz-de-santa-teresa-recebe-evento-de-conscientizacao-sobre-suicidio-neste-sabado-10-em-teresopolis","status":"publish","type":"post","link":"https:\/\/tvc16.com\/portal\/2022\/09\/10\/praca-da-matriz-de-santa-teresa-recebe-evento-de-conscientizacao-sobre-suicidio-neste-sabado-10-em-teresopolis\/","title":{"rendered":"Pra\u00e7a da Matriz de Santa Teresa recebe evento de conscientiza\u00e7\u00e3o sobre suic\u00eddio, neste s\u00e1bado (10) em Teres\u00f3polis\u00a0"},"content":{"rendered":"\n<p><strong>Realizada pela equipe do Capsi, em parceria com o Unifeso, a\u00e7\u00e3o acontece das 9h \u00e0s 12h e marca o Setembro Amarelo<\/strong><\/p>\n\n\n\n<p>Neste s\u00e1bado (10) a partir das 9h, a Secretaria Municipal de Sa\u00fade, atrav\u00e9s do Centro de Aten\u00e7\u00e3o Psicossocial Infanto-Juvenil (Capsi), realizar\u00e1 uma a\u00e7\u00e3o no centro de Teres\u00f3polis voltada ao Setembro Amarelo \u2013 m\u00eas de preven\u00e7\u00e3o ao suic\u00eddio. At\u00e9 as 12h, na Pra\u00e7a Baltazar da Silveira (da Matriz de Santa Teresa), ser\u00e3o realizadas diversas atividades para conscientizar a popula\u00e7\u00e3o sobre a import\u00e2ncia da vida e discutir o assunto que ainda \u00e9 considerado um tabu social.<\/p>\n\n\n\n<p>Com o tema \u201cA vida \u00e9 a melhor escolha\u201d, profissionais da SMS e do Unifeso estar\u00e3o atendendo a popula\u00e7\u00e3o, como explica a coordenadora do Capsi, Carolina Martins: \u201cFalar sobre a preven\u00e7\u00e3o ao suic\u00eddio \u00e9 fundamental para pessoas que passam por momentos de crise e que buscam ajuda para lidar com esta situa\u00e7\u00e3o. \u00c9 importante deixa claro, que apesar dos problemas do dia a dia, a vida sempre ser\u00e1 a melhor escolha.\u201d<\/p>\n\n\n\n<p>A programa\u00e7\u00e3o ainda contar\u00e1 com equipe de psicologia, que far\u00e1 o atendimento \u00e0s pessoas e conduzir\u00e1 uma roda de conversa com pacientes e alunos do 6\u00ba e 9\u00ba ano do Col\u00e9gio \u00danico, convidados do evento.<\/p>\n\n\n\n<p>Ascom Teres\u00f3polis<\/p>\n","protected":false},"excerpt":{"rendered":"<p>Realizada pela equipe do Capsi, em parceria com o Unifeso, a\u00e7\u00e3o acontece das 9h \u00e0s<\/p>\n","protected":false},"author":2,"featured_media":43573,"comment_status":"open","ping_status":"open","sticky":false,"template":"","format":"standard","meta":{"footnotes":""},"categories":[19,17,13],"tags":[],"class_list":["post-43572","post","type-post","status-publish","format-standard","has-post-thumbnail","hentry","category-educacao","category-outras-noticias","category-saude"],"_links":{"self":[{"href":"https:\/\/tvc16.com\/portal\/wp-json\/wp\/v2\/posts\/43572","targetHints":{"allow":["GET"]}}],"collection":[{"href":"https:\/\/tvc16.com\/portal\/wp-json\/wp\/v2\/posts"}],"about":[{"href":"https:\/\/tvc16.com\/portal\/wp-json\/wp\/v2\/types\/post"}],"author":[{"embeddable":true,"href":"https:\/\/tvc16.com\/portal\/wp-json\/wp\/v2\/users\/2"}],"replies":[{"embeddable":true,"href":"https:\/\/tvc16.com\/portal\/wp-json\/wp\/v2\/comments?post=43572"}],"version-history":[{"count":1,"href":"https:\/\/tvc16.com\/portal\/wp-json\/wp\/v2\/posts\/43572\/revisions"}],"predecessor-version":[{"id":43574,"href":"https:\/\/tvc16.com\/portal\/wp-json\/wp\/v2\/posts\/43572\/revisions\/43574"}],"wp:featuredmedia":[{"embeddable":true,"href":"https:\/\/tvc16.com\/portal\/wp-json\/wp\/v2\/media\/43573"}],"wp:attachment":[{"href":"https:\/\/tvc16.com\/portal\/wp-json\/wp\/v2\/media?parent=43572"}],"wp:term":[{"taxonomy":"category","embeddable":true,"href":"https:\/\/tvc16.com\/portal\/wp-json\/wp\/v2\/categories?post=43572"},{"taxonomy":"post_tag","embeddable":true,"href":"https:\/\/tvc16.com\/portal\/wp-json\/wp\/v2\/tags?post=43572"}],"curies":[{"name":"wp","href":"https:\/\/api.w.org\/{rel}","templated":true}]}}