{"id":43575,"date":"2022-09-10T13:05:00","date_gmt":"2022-09-10T16:05:00","guid":{"rendered":"https:\/\/tvc16.com\/portal\/?p=43575"},"modified":"2022-09-10T12:08:16","modified_gmt":"2022-09-10T15:08:16","slug":"agentes-comunitarios-de-saude-farao-curso-de-praticas-alternativas-e-complementares","status":"publish","type":"post","link":"https:\/\/tvc16.com\/portal\/2022\/09\/10\/agentes-comunitarios-de-saude-farao-curso-de-praticas-alternativas-e-complementares\/","title":{"rendered":"Agentes Comunit\u00e1rios de Sa\u00fade far\u00e3o curso de Praticas Alternativas e Complementares"},"content":{"rendered":"\n<p>Cinquenta agentes comunit\u00e1rios de Sa\u00fade do munic\u00edpio v\u00e3o receber o curso de Praticas Integrativas e Complementares em Sa\u00fade. Com dura\u00e7\u00e3o de doze meses, as aulas come\u00e7am no pr\u00f3ximo dia 14 de setembro, no audit\u00f3rio do Centro Cultural da Fase, na Avenida Bar\u00e3o do Rio Branco. Os servidores aprender\u00e3o pr\u00e1ticas de shiatsu, auricoloterapia, Moxabust\u00e3o, fitoterapia, yoga, entre outras.<\/p>\n\n\n\n<p>O curso est\u00e1 sendo oferecido aos profissionais por meio de uma parceria entre a Prefeitura, atrav\u00e9s da Secretaria de Sa\u00fade com a Associa\u00e7\u00e3o Petropolitana de Profissionais de Praticas Integrativas e Complementares de Sa\u00fade. \u201cEsse \u00e9 um grande ganho n\u00e3o s\u00f3 para os ACS, mas para todo cidad\u00e3o que \u00e9 atendida nas UBSs e PSFs da nossa rede. As praticas integrativas s\u00e3o recursos terap\u00eauticos que contribuem, inclusive, na preven\u00e7\u00e3o de uma s\u00e9rie de doen\u00e7as. Valorizando e capacitando os profissionais de sa\u00fade, estamos cuidando da nossa popula\u00e7\u00e3o\u201d, disse o prefeito Rubens Bomtempo.<\/p>\n\n\n\n<p>Os agentes comunit\u00e1rios de sa\u00fade tamb\u00e9m v\u00e3o aprender pr\u00e1ticas de auto-cuidado, de promo\u00e7\u00e3o de sa\u00fade e preven\u00e7\u00e3o de doen\u00e7as como medita\u00e7\u00e3o, exerc\u00edcios respirat\u00f3rios, exerc\u00edcios articulares e exerc\u00edcios de alongamento. \u201cO objetivo \u00e9 forma-las para atuarem, de forma efetiva, nas suas respectivas comunidades utilizando esses recursos. Dessa forma, nossa inten\u00e7\u00e3o \u00e9 promover a preven\u00e7\u00e3o das doen\u00e7as, al\u00e9m da redu\u00e7\u00e3o dos custos e da otimiza\u00e7\u00e3o dos investimentos\u201d, explica o secret\u00e1rio de Sa\u00fade, Marcus Curvelo.<\/p>\n\n\n\n<p>A realiza\u00e7\u00e3o do curso, que vai acontecer sempre \u00e0s 4\u00aa feiras de 9h \u00e0s 12h, foi um dos temas discutidos e aprovados na 15\u00b0 Confer\u00eancia Municipal de Sa\u00fade e pelo Conselho Municipal de Sa\u00fade.<\/p>\n","protected":false},"excerpt":{"rendered":"<p>Cinquenta agentes comunit\u00e1rios de Sa\u00fade do munic\u00edpio v\u00e3o receber o curso de Praticas Integrativas e<\/p>\n","protected":false},"author":2,"featured_media":43576,"comment_status":"open","ping_status":"open","sticky":false,"template":"","format":"standard","meta":{"footnotes":""},"categories":[12,13],"tags":[],"class_list":["post-43575","post","type-post","status-publish","format-standard","has-post-thumbnail","hentry","category-cidade","category-saude"],"_links":{"self":[{"href":"https:\/\/tvc16.com\/portal\/wp-json\/wp\/v2\/posts\/43575","targetHints":{"allow":["GET"]}}],"collection":[{"href":"https:\/\/tvc16.com\/portal\/wp-json\/wp\/v2\/posts"}],"about":[{"href":"https:\/\/tvc16.com\/portal\/wp-json\/wp\/v2\/types\/post"}],"author":[{"embeddable":true,"href":"https:\/\/tvc16.com\/portal\/wp-json\/wp\/v2\/users\/2"}],"replies":[{"embeddable":true,"href":"https:\/\/tvc16.com\/portal\/wp-json\/wp\/v2\/comments?post=43575"}],"version-history":[{"count":1,"href":"https:\/\/tvc16.com\/portal\/wp-json\/wp\/v2\/posts\/43575\/revisions"}],"predecessor-version":[{"id":43577,"href":"https:\/\/tvc16.com\/portal\/wp-json\/wp\/v2\/posts\/43575\/revisions\/43577"}],"wp:featuredmedia":[{"embeddable":true,"href":"https:\/\/tvc16.com\/portal\/wp-json\/wp\/v2\/media\/43576"}],"wp:attachment":[{"href":"https:\/\/tvc16.com\/portal\/wp-json\/wp\/v2\/media?parent=43575"}],"wp:term":[{"taxonomy":"category","embeddable":true,"href":"https:\/\/tvc16.com\/portal\/wp-json\/wp\/v2\/categories?post=43575"},{"taxonomy":"post_tag","embeddable":true,"href":"https:\/\/tvc16.com\/portal\/wp-json\/wp\/v2\/tags?post=43575"}],"curies":[{"name":"wp","href":"https:\/\/api.w.org\/{rel}","templated":true}]}}