{"id":43578,"date":"2022-09-11T10:08:00","date_gmt":"2022-09-11T13:08:00","guid":{"rendered":"https:\/\/tvc16.com\/portal\/?p=43578"},"modified":"2022-09-10T12:14:09","modified_gmt":"2022-09-10T15:14:09","slug":"inscricoes-para-a-iv-conferencia-municipal-de-esportes-e-lazer-termina-nesta-segunda-feira","status":"publish","type":"post","link":"https:\/\/tvc16.com\/portal\/2022\/09\/11\/inscricoes-para-a-iv-conferencia-municipal-de-esportes-e-lazer-termina-nesta-segunda-feira\/","title":{"rendered":"Inscri\u00e7\u00f5es para a IV Confer\u00eancia Municipal de Esportes e Lazer termina nesta segunda-feira"},"content":{"rendered":"\n<p>O prazo para as inscri\u00e7\u00f5es para a VI Confer\u00eancia Municipal de Esportes e Lazer termina nesta segunda-feira (12). O evento, que acontece em 17 de setembro, das 8h \u00e0s 18h, no audit\u00f3rio da Universidade Est\u00e1cio de S\u00e1, ter\u00e1 como tema \u201cOs Esportes, as atividades f\u00edsicas e o lazer nos novos tempos\u201d e est\u00e1 marcado. No mesmo dia ser\u00e3o eleitos os novos membros do Conselho Municipal de Esportes e Lazer (CMEL).<\/p>\n\n\n\n<p>As inscri\u00e7\u00f5es devem ser feitas de forma presencial, na Secretaria de Esportes, na Rua 16 de Mar\u00e7o, n\u00famero 183, no centro ou site do Sympla atrav\u00e9s do link: https:\/\/www.sympla.com.br\/vi-conferencia-municipal-de-esportes__1707897<\/p>\n\n\n\n<p>Tr\u00eas eixos ser\u00e3o debatidos na confer\u00eancia: A voca\u00e7\u00e3o do munic\u00edpio para as novas modalidades esportivas; Descentraliza\u00e7\u00e3o e populariza\u00e7\u00e3o dos projetos esportivos e O Papel Social do Lazer para o Munic\u00edpio. \u201cA aproxima\u00e7\u00e3o da sociedade civil na confer\u00eancia permite que a popula\u00e7\u00e3o acompanhe, entenda os temas, traga novas ideias e, principalmente, conhe\u00e7a a legisla\u00e7\u00e3o\u201d, diz o secret\u00e1rio de Esportes, Rafael Sim\u00e3o.<\/p>\n","protected":false},"excerpt":{"rendered":"<p>O prazo para as inscri\u00e7\u00f5es para a VI Confer\u00eancia Municipal de Esportes e Lazer termina<\/p>\n","protected":false},"author":2,"featured_media":43579,"comment_status":"open","ping_status":"open","sticky":false,"template":"","format":"standard","meta":{"footnotes":""},"categories":[12,21,19,20],"tags":[],"class_list":["post-43578","post","type-post","status-publish","format-standard","has-post-thumbnail","hentry","category-cidade","category-cultura","category-educacao","category-esporte"],"_links":{"self":[{"href":"https:\/\/tvc16.com\/portal\/wp-json\/wp\/v2\/posts\/43578","targetHints":{"allow":["GET"]}}],"collection":[{"href":"https:\/\/tvc16.com\/portal\/wp-json\/wp\/v2\/posts"}],"about":[{"href":"https:\/\/tvc16.com\/portal\/wp-json\/wp\/v2\/types\/post"}],"author":[{"embeddable":true,"href":"https:\/\/tvc16.com\/portal\/wp-json\/wp\/v2\/users\/2"}],"replies":[{"embeddable":true,"href":"https:\/\/tvc16.com\/portal\/wp-json\/wp\/v2\/comments?post=43578"}],"version-history":[{"count":1,"href":"https:\/\/tvc16.com\/portal\/wp-json\/wp\/v2\/posts\/43578\/revisions"}],"predecessor-version":[{"id":43580,"href":"https:\/\/tvc16.com\/portal\/wp-json\/wp\/v2\/posts\/43578\/revisions\/43580"}],"wp:featuredmedia":[{"embeddable":true,"href":"https:\/\/tvc16.com\/portal\/wp-json\/wp\/v2\/media\/43579"}],"wp:attachment":[{"href":"https:\/\/tvc16.com\/portal\/wp-json\/wp\/v2\/media?parent=43578"}],"wp:term":[{"taxonomy":"category","embeddable":true,"href":"https:\/\/tvc16.com\/portal\/wp-json\/wp\/v2\/categories?post=43578"},{"taxonomy":"post_tag","embeddable":true,"href":"https:\/\/tvc16.com\/portal\/wp-json\/wp\/v2\/tags?post=43578"}],"curies":[{"name":"wp","href":"https:\/\/api.w.org\/{rel}","templated":true}]}}