{"id":43581,"date":"2022-09-10T18:00:00","date_gmt":"2022-09-10T21:00:00","guid":{"rendered":"https:\/\/tvc16.com\/portal\/?p=43581"},"modified":"2022-09-10T12:19:15","modified_gmt":"2022-09-10T15:19:15","slug":"hospital-alcides-carneiro-bate-recorde-em-realizacao-de-ressonancias-magneticas-em-agosto","status":"publish","type":"post","link":"https:\/\/tvc16.com\/portal\/2022\/09\/10\/hospital-alcides-carneiro-bate-recorde-em-realizacao-de-ressonancias-magneticas-em-agosto\/","title":{"rendered":"Hospital Alcides Carneiro bate recorde em realiza\u00e7\u00e3o de resson\u00e2ncias magn\u00e9ticas em agosto"},"content":{"rendered":"\n<p>O Hospital Alcides Carneiro bateu mais um recorde no m\u00eas de agosto: 836 resson\u00e2ncias magn\u00e9ticas foram realizadas pelo Centro de Imagem da unidade no per\u00edodo de 30 dias. Os dados foram divulgados nesta sexta-feira (09), pela Prefeitura, por meio da Secretaria de Sa\u00fade e Servi\u00e7o Social Aut\u00f4nomo do Hospital Alcides Carneiro, como resultado da amplia\u00e7\u00e3o dos hor\u00e1rios de realiza\u00e7\u00e3o dos procedimentos, entre outras medidas implantadas no local.<\/p>\n\n\n\n<p>A meta do plano operativo anual do Hospital \u00e9 de 495 exames por m\u00eas, mas desde julho, com as a\u00e7\u00f5es implementadas, o n\u00famero de exames j\u00e1 ultrapassava 700 resson\u00e2ncias. O prefeito Rubens Bomtempo destacou a import\u00e2ncia da amplia\u00e7\u00e3o do hor\u00e1rio para o alto desempenho. &#8220;Com o intuito de reduzir o tempo de espera dos pacientes, implementamos mais dois turnos de exames, um \u00e0 noite e outro na madrugada, al\u00e9m de outros dois no domingo, um pela manh\u00e3 e outro \u00e0 tarde, dobrando o n\u00famero de resson\u00e2ncias&#8221;, explicou o prefeito Rubens Bomtempo.<\/p>\n\n\n\n<p>&#8220;Estes exames s\u00e3o extremamente importantes para estabelecer v\u00e1rios diagn\u00f3sticos e possibilitam uma melhor an\u00e1lise de diversas doen\u00e7as. \u00c0 medida que ofertamos mais laudos, proporcionamos mais conforto \u00e0 popula\u00e7\u00e3o, acelerando tamb\u00e9m os tratamentos&#8221;, destacou o secret\u00e1rio de Sa\u00fade, Marcus Curvelo.<\/p>\n\n\n\n<p>O diretor-presidente do Sehac, Ricardo Patul\u00e9a, destacou a redu\u00e7\u00e3o da fila de espera e a expectativa com a produtividade. &#8220;Quando chegamos ao Hospital Alcides Carneiro, em dezembro, encontramos uma fila de mais de 5 mil pacientes, v\u00e1rios esperando por resson\u00e2ncias h\u00e1 dois anos, mas com muita determina\u00e7\u00e3o e planejamento, conseguimos atender mais de 3 mil pacientes s\u00f3 este ano. Neste ritmo, esperamos diluir o restante da fila j\u00e1 nos pr\u00f3ximos meses&#8221;.<\/p>\n\n\n\n<p>As imagens obtidas nas resson\u00e2ncias magn\u00e9ticas permitem que sejam estudados quadros de doen\u00e7as neurol\u00f3gicas, ortop\u00e9dicas, abdominais, cervicais e card\u00edacas, al\u00e9m de tamb\u00e9m serem indicados para a detec\u00e7\u00e3o de tumores, co\u00e1gulos, traumas e doen\u00e7as degenerativas.<\/p>\n","protected":false},"excerpt":{"rendered":"<p>O Hospital Alcides Carneiro bateu mais um recorde no m\u00eas de agosto: 836 resson\u00e2ncias magn\u00e9ticas<\/p>\n","protected":false},"author":2,"featured_media":43582,"comment_status":"open","ping_status":"open","sticky":true,"template":"","format":"standard","meta":{"footnotes":""},"categories":[12,13],"tags":[],"class_list":["post-43581","post","type-post","status-publish","format-standard","has-post-thumbnail","hentry","category-cidade","category-saude"],"_links":{"self":[{"href":"https:\/\/tvc16.com\/portal\/wp-json\/wp\/v2\/posts\/43581","targetHints":{"allow":["GET"]}}],"collection":[{"href":"https:\/\/tvc16.com\/portal\/wp-json\/wp\/v2\/posts"}],"about":[{"href":"https:\/\/tvc16.com\/portal\/wp-json\/wp\/v2\/types\/post"}],"author":[{"embeddable":true,"href":"https:\/\/tvc16.com\/portal\/wp-json\/wp\/v2\/users\/2"}],"replies":[{"embeddable":true,"href":"https:\/\/tvc16.com\/portal\/wp-json\/wp\/v2\/comments?post=43581"}],"version-history":[{"count":1,"href":"https:\/\/tvc16.com\/portal\/wp-json\/wp\/v2\/posts\/43581\/revisions"}],"predecessor-version":[{"id":43583,"href":"https:\/\/tvc16.com\/portal\/wp-json\/wp\/v2\/posts\/43581\/revisions\/43583"}],"wp:featuredmedia":[{"embeddable":true,"href":"https:\/\/tvc16.com\/portal\/wp-json\/wp\/v2\/media\/43582"}],"wp:attachment":[{"href":"https:\/\/tvc16.com\/portal\/wp-json\/wp\/v2\/media?parent=43581"}],"wp:term":[{"taxonomy":"category","embeddable":true,"href":"https:\/\/tvc16.com\/portal\/wp-json\/wp\/v2\/categories?post=43581"},{"taxonomy":"post_tag","embeddable":true,"href":"https:\/\/tvc16.com\/portal\/wp-json\/wp\/v2\/tags?post=43581"}],"curies":[{"name":"wp","href":"https:\/\/api.w.org\/{rel}","templated":true}]}}