{"id":43584,"date":"2022-09-10T19:19:00","date_gmt":"2022-09-10T22:19:00","guid":{"rendered":"https:\/\/tvc16.com\/portal\/?p=43584"},"modified":"2022-09-10T12:21:47","modified_gmt":"2022-09-10T15:21:47","slug":"conselho-municipal-dos-direitos-da-mulher-elege-nova-vice-presidente","status":"publish","type":"post","link":"https:\/\/tvc16.com\/portal\/2022\/09\/10\/conselho-municipal-dos-direitos-da-mulher-elege-nova-vice-presidente\/","title":{"rendered":"Conselho Municipal dos Direitos da Mulher elege nova vice-presidente"},"content":{"rendered":"\n<p>O Conselho Municipal dos Direitos da Mulher &#8211; COMDIM elegeu sua nova vice-presidente. Representando a sociedade civil, Viviane Marques de Menezes Fidelis, assumiu o cargo na noite de quinta-feira (08), durante a reuni\u00e3o mensal do conselho. A nova presidente, a secret\u00e1ria Chefe de Gabinete, Luciane Bomtempo, j\u00e1 havia tomado posse em agosto. As antigas conselheiras foram reconduzidas.<\/p>\n\n\n\n<p>\u201cO governo est\u00e1 comprometido com a causa das mulheres e tenho certeza que, assim como sua antecessora, a nova vice-presidente eleita pela sociedade civil nos ajudar\u00e1 a dar continuidade as a\u00e7\u00f5es que j\u00e1 vinham sendo desenvolvidas. Sabemos que juntos \u2013 sociedade civil e governo \u2013 \u00e9 poss\u00edvel realizarmos muitos sonhos que sem a ajuda do poder p\u00fablico seria dif\u00edcil alcan\u00e7armos\u201d, disse a presidente do Comdim, Luciane Bomtempo.<\/p>\n\n\n\n<p>\u201cComo mulher, negra e perif\u00e9rica, me coloquei a disposi\u00e7\u00e3o do conselho porque quero, de fato, fazer a diferen\u00e7a e trabalhar pela nossa sociedade, pelas nossas mulheres que j\u00e1 sofreram e sofrem demais. Sem duvida, atuando junto com o governo ser\u00e1 muito mais f\u00e1cil buscarmos pol\u00edticas p\u00fablicas reais em benef\u00edcio de todas\u201d, disse Viviane Marques.<\/p>\n\n\n\n<p>Durante a reuni\u00e3o do Comdim, tamb\u00e9m foram debatidos outros assuntos, como a revis\u00e3o da legisla\u00e7\u00e3o e do regimento interno do conselho, que sofreram altera\u00e7\u00f5es no ano de 2019. Para realizar a an\u00e1lise, foi criado um grupo de trabalho composto por representantes do governo e sociedade civil. Um anteprojeto, com as propostas de mudan\u00e7as dever\u00e1 ser entregue ao prefeito Rubens Bomtempo.<\/p>\n","protected":false},"excerpt":{"rendered":"<p>O Conselho Municipal dos Direitos da Mulher &#8211; COMDIM elegeu sua nova vice-presidente. Representando a<\/p>\n","protected":false},"author":2,"featured_media":43585,"comment_status":"open","ping_status":"open","sticky":true,"template":"","format":"standard","meta":{"footnotes":""},"categories":[12,21,264,19,15],"tags":[],"class_list":["post-43584","post","type-post","status-publish","format-standard","has-post-thumbnail","hentry","category-cidade","category-cultura","category-destaque","category-educacao","category-politica"],"_links":{"self":[{"href":"https:\/\/tvc16.com\/portal\/wp-json\/wp\/v2\/posts\/43584","targetHints":{"allow":["GET"]}}],"collection":[{"href":"https:\/\/tvc16.com\/portal\/wp-json\/wp\/v2\/posts"}],"about":[{"href":"https:\/\/tvc16.com\/portal\/wp-json\/wp\/v2\/types\/post"}],"author":[{"embeddable":true,"href":"https:\/\/tvc16.com\/portal\/wp-json\/wp\/v2\/users\/2"}],"replies":[{"embeddable":true,"href":"https:\/\/tvc16.com\/portal\/wp-json\/wp\/v2\/comments?post=43584"}],"version-history":[{"count":1,"href":"https:\/\/tvc16.com\/portal\/wp-json\/wp\/v2\/posts\/43584\/revisions"}],"predecessor-version":[{"id":43586,"href":"https:\/\/tvc16.com\/portal\/wp-json\/wp\/v2\/posts\/43584\/revisions\/43586"}],"wp:featuredmedia":[{"embeddable":true,"href":"https:\/\/tvc16.com\/portal\/wp-json\/wp\/v2\/media\/43585"}],"wp:attachment":[{"href":"https:\/\/tvc16.com\/portal\/wp-json\/wp\/v2\/media?parent=43584"}],"wp:term":[{"taxonomy":"category","embeddable":true,"href":"https:\/\/tvc16.com\/portal\/wp-json\/wp\/v2\/categories?post=43584"},{"taxonomy":"post_tag","embeddable":true,"href":"https:\/\/tvc16.com\/portal\/wp-json\/wp\/v2\/tags?post=43584"}],"curies":[{"name":"wp","href":"https:\/\/api.w.org\/{rel}","templated":true}]}}