{"id":43587,"date":"2022-09-10T20:30:00","date_gmt":"2022-09-10T23:30:00","guid":{"rendered":"https:\/\/tvc16.com\/portal\/?p=43587"},"modified":"2022-09-10T12:25:28","modified_gmt":"2022-09-10T15:25:28","slug":"prefeitura-retoma-projeto-escola-resiliente-em-21-unidades-da-rede-municipal","status":"publish","type":"post","link":"https:\/\/tvc16.com\/portal\/2022\/09\/10\/prefeitura-retoma-projeto-escola-resiliente-em-21-unidades-da-rede-municipal\/","title":{"rendered":"Prefeitura retoma Projeto Escola Resiliente em 21 unidades da rede municipal"},"content":{"rendered":"\n<p>Programa ser\u00e1 desenvolvido pela Secretaria de Educa\u00e7\u00e3o e a Secretaria de Defesa Civil<\/p>\n\n\n\n<p>Com o objetivo de desenvolver a cultura de preven\u00e7\u00e3o em ambiente escolar, a Prefeitura, por meio da Secretaria de Educa\u00e7\u00e3o e da Secretaria de Defesa Civil (DC) retoma o programa Escola Resiliente em 21 escolas da rede municipal. A iniciativa foi apresentada aos diretores das unidades durante reuni\u00e3o na quinta-feira (8), na sede da Prefeitura. A previs\u00e3o \u00e9 que nas pr\u00f3ximas semanas as a\u00e7\u00f5es comecem a ser desenvolvidas nestas escolas.<\/p>\n\n\n\n<figure class=\"wp-block-image size-large\"><img loading=\"lazy\" decoding=\"async\" width=\"1024\" height=\"768\" src=\"https:\/\/tvc16.com\/portal\/wp-content\/uploads\/2022\/09\/WhatsApp-Image-2022-09-10-at-11.31.06-1024x768.jpeg\" alt=\"\" class=\"wp-image-43589\" srcset=\"https:\/\/tvc16.com\/portal\/wp-content\/uploads\/2022\/09\/WhatsApp-Image-2022-09-10-at-11.31.06-1024x768.jpeg 1024w, https:\/\/tvc16.com\/portal\/wp-content\/uploads\/2022\/09\/WhatsApp-Image-2022-09-10-at-11.31.06-300x225.jpeg 300w, https:\/\/tvc16.com\/portal\/wp-content\/uploads\/2022\/09\/WhatsApp-Image-2022-09-10-at-11.31.06-768x576.jpeg 768w, https:\/\/tvc16.com\/portal\/wp-content\/uploads\/2022\/09\/WhatsApp-Image-2022-09-10-at-11.31.06-1536x1152.jpeg 1536w, https:\/\/tvc16.com\/portal\/wp-content\/uploads\/2022\/09\/WhatsApp-Image-2022-09-10-at-11.31.06-200x150.jpeg 200w, https:\/\/tvc16.com\/portal\/wp-content\/uploads\/2022\/09\/WhatsApp-Image-2022-09-10-at-11.31.06.jpeg 1600w\" sizes=\"auto, (max-width: 1024px) 100vw, 1024px\" \/><\/figure>\n\n\n\n<p>\u201cA Escola Resiliente tem foco na preven\u00e7\u00e3o, na prepara\u00e7\u00e3o e na resposta. E \u00e9 isso que queremos, que a comunidade escolar esteja preparada em casos de deslizamentos e outras ocorr\u00eancias relacionadas as chuvas. Em 2016, 18 escolas recebiam o programa. Al\u00e9m disso, t\u00ednhamos tamb\u00e9m no curr\u00edculo da rede municipal, os principais conceitos de Defesa Civil. Essas a\u00e7\u00f5es visavam a constru\u00e7\u00e3o da participa\u00e7\u00e3o do jovem nas tomadas de decis\u00f5es e a implanta\u00e7\u00e3o da cultura de preven\u00e7\u00e3o\u201d, disse o prefeito Rubens Bomtempo.<\/p>\n\n\n\n<p>O projeto estimula a forma\u00e7\u00e3o de brigadas escolares auto organizadas para desenvolver miss\u00f5es e atividades colaborativas de preven\u00e7\u00e3o, prepara\u00e7\u00e3o e resposta. O objetivo \u00e9 que a comunidade escolar saiba o que fazer e como agir em uma situa\u00e7\u00e3o de emerg\u00eancia ou desastre. Para apoiar as diretoras das escolas selecionadas na condu\u00e7\u00e3o deste desafio foi elaborada uma cartilha virtual com o passo a passo das atividades. \u201cO essencial \u00e9 que as escolas resilientes possam estimular seus estudantes, funcion\u00e1rios e professores a perceber as amea\u00e7as locais, saber diagnosticar as vulnerabilidades no ambiente escolar e organizar as capacidades para fazer frente a uma situa\u00e7\u00e3o adversa\u201d, comentou Rodrigo D\u2019Almeida, que coordena ao lado de Camila Grotz o Projeto Escola Resiliente.<\/p>\n\n\n\n<p>\u201cVamos come\u00e7ar com 21 escolas, mas nossa inten\u00e7\u00e3o \u00e9 estender o projeto para toda a rede municipal, aproximando as Escolas Resilientes dos N\u00facleos de Defesa Civil Comunit\u00e1ria. Quando visitamos a Escola Clemente Fernandes na 24 de Maio, ouvimos da comunidade o quanto foi importante para eles a participa\u00e7\u00e3o do NUDEC na seguran\u00e7a e prote\u00e7\u00e3o local nas chuvas de fevereiro e mar\u00e7o de 2022\u201d, contou a secret\u00e1ria de Educa\u00e7\u00e3o, Adriana de Paula.<\/p>\n\n\n\n<p>De acordo com o projeto, as brigadas escolares v\u00e3o elaborar a\u00e7\u00f5es de preven\u00e7\u00e3o com a elabora\u00e7\u00e3o de mapas de perigo da escola; de prepara\u00e7\u00e3o onde ser\u00e3o desenvolvidos sistemas de alerta\/alarme e rotas de fuga do ambiente escolar e de resposta promovendo o roteiro de exerc\u00edcios simulados para facilitar a evacua\u00e7\u00e3o dos estudantes para uma \u00e1rea de seguran\u00e7a.<\/p>\n\n\n\n<p>As escolas participantes, neste primeiro momento do programa s\u00e3o: F\u00e1brica do Saber, Luiz Carlos Soares, Santa Terezinha, Alto Independ\u00eancia, Beatriz Zaleski, Am\u00e9lia Antunes Rabello, Professor Nilton Costa Pereira S\u00e3o Thiago, Johan Noel, Senador M\u00e1rio Martins, Dr. Paula Buarque, Papa Jo\u00e3o Paulo II, Governador Marcello Alencar, Paroquial Bom Jesus, Dr. Rubens de Castro Bomtempo, Stefan Zweig, Odette Fonseca, Duque de Caxias, L\u00facia de Almeida Braga, Comunidades Santo Ant\u00f4nio, Geraldo Ventura Dias e Paroquial Santa Bernadete.<\/p>\n","protected":false},"excerpt":{"rendered":"<p>Programa ser\u00e1 desenvolvido pela Secretaria de Educa\u00e7\u00e3o e a Secretaria de Defesa Civil Com o<\/p>\n","protected":false},"author":2,"featured_media":43588,"comment_status":"open","ping_status":"open","sticky":false,"template":"","format":"standard","meta":{"footnotes":""},"categories":[12,19,15],"tags":[],"class_list":["post-43587","post","type-post","status-publish","format-standard","has-post-thumbnail","hentry","category-cidade","category-educacao","category-politica"],"_links":{"self":[{"href":"https:\/\/tvc16.com\/portal\/wp-json\/wp\/v2\/posts\/43587","targetHints":{"allow":["GET"]}}],"collection":[{"href":"https:\/\/tvc16.com\/portal\/wp-json\/wp\/v2\/posts"}],"about":[{"href":"https:\/\/tvc16.com\/portal\/wp-json\/wp\/v2\/types\/post"}],"author":[{"embeddable":true,"href":"https:\/\/tvc16.com\/portal\/wp-json\/wp\/v2\/users\/2"}],"replies":[{"embeddable":true,"href":"https:\/\/tvc16.com\/portal\/wp-json\/wp\/v2\/comments?post=43587"}],"version-history":[{"count":1,"href":"https:\/\/tvc16.com\/portal\/wp-json\/wp\/v2\/posts\/43587\/revisions"}],"predecessor-version":[{"id":43590,"href":"https:\/\/tvc16.com\/portal\/wp-json\/wp\/v2\/posts\/43587\/revisions\/43590"}],"wp:featuredmedia":[{"embeddable":true,"href":"https:\/\/tvc16.com\/portal\/wp-json\/wp\/v2\/media\/43588"}],"wp:attachment":[{"href":"https:\/\/tvc16.com\/portal\/wp-json\/wp\/v2\/media?parent=43587"}],"wp:term":[{"taxonomy":"category","embeddable":true,"href":"https:\/\/tvc16.com\/portal\/wp-json\/wp\/v2\/categories?post=43587"},{"taxonomy":"post_tag","embeddable":true,"href":"https:\/\/tvc16.com\/portal\/wp-json\/wp\/v2\/tags?post=43587"}],"curies":[{"name":"wp","href":"https:\/\/api.w.org\/{rel}","templated":true}]}}