{"id":4360,"date":"2020-10-30T16:48:16","date_gmt":"2020-10-30T16:48:16","guid":{"rendered":"https:\/\/tvc16.com\/portal\/?p=4360"},"modified":"2020-10-30T16:48:16","modified_gmt":"2020-10-30T16:48:16","slug":"vestibular-ucp-traz-novidades-com-novos-cursos-ead-novo-polo-em-nova-friburgo-e-amplia-periodo-de-provas","status":"publish","type":"post","link":"https:\/\/tvc16.com\/portal\/2020\/10\/30\/vestibular-ucp-traz-novidades-com-novos-cursos-ead-novo-polo-em-nova-friburgo-e-amplia-periodo-de-provas\/","title":{"rendered":"Vestibular UCP traz novidades com novos cursos EAD, novo polo em Nova Friburgo e amplia per\u00edodo de provas"},"content":{"rendered":"\n<p><em>Processo seletivo ser\u00e1 para 22 cursos, incluindo a novidade com Filosofia e Teologia na modalidade a dist\u00e2ncia<\/em><\/p>\n\n\n\n<p><em>Inscri\u00e7\u00e3o gratuita inicia neste domingo (1\u00ba.11) e deve ser feita no site&nbsp;<a rel=\"noreferrer noopener\" target=\"_blank\" href=\"http:\/\/vestibular.ucp.br\/\">vestibular.ucp.br<\/a><\/em><\/p>\n\n\n\n<p>O vestibular da Universidade Cat\u00f3lica de Petr\u00f3polis (UCP) est\u00e1 com novidades para o processo seletivo do primeiro semestre de 2021. Agora a Universidade tamb\u00e9m oferece a gradua\u00e7\u00e3o em Filosofia e Teologia na modalidade a dist\u00e2ncia \u2013 cursos j\u00e1 ofertados presencialmente. Nesse segmento, a UCP tamb\u00e9m apresenta o novo polo EAD na cidade serrana de Nova Friburgo, expandindo ainda mais sua atua\u00e7\u00e3o na regi\u00e3o.&nbsp; E n\u00e3o para por a\u00ed. Neste vestibular \u2013 que ser\u00e1 on-line e gratuito \u2013 a Institui\u00e7\u00e3o ampliou o prazo de aplica\u00e7\u00e3o da prova, que ser\u00e1 realizada em cinco per\u00edodos. As inscri\u00e7\u00f5es come\u00e7am neste domingo (1\u00ba.11) no site&nbsp;<a rel=\"noreferrer noopener\" target=\"_blank\" href=\"http:\/\/vestibular.ucp.br\/\">vestibular.ucp.br<\/a>.<\/p>\n\n\n\n<p>O prazo de inscri\u00e7\u00e3o do vestibular termina no dia 15 de janeiro, mas o candidato deve ter aten\u00e7\u00e3o \u00e0 data de realiza\u00e7\u00e3o da prova, que come\u00e7a no dia 16 de novembro e ser\u00e1 dividida em cinco per\u00edodos de realiza\u00e7\u00e3o de 15 em 15 dias. J\u00e1 aqueles que desejam fazer o ingresso na UCP pelo Enem, por transfer\u00eancia ou segunda gradua\u00e7\u00e3o o prazo vai at\u00e9 29 de janeiro.<\/p>\n\n\n\n<p>Para o processo seletivo, o candidato poder\u00e1 optar por um dos 22 cursos de gradua\u00e7\u00e3o oferecidos pela Universidade, tanto os presenciais como na modalidade a dist\u00e2ncia. Nesta op\u00e7\u00e3o, o interessado contar\u00e1 com novas op\u00e7\u00f5es, que s\u00e3o a gradua\u00e7\u00e3o em Teologia (bacharelado) e em Filosofia (bacharelado e licenciatura). Os candidatos que escolherem pelos cursos EAD contam agora com quatro polos: em Petr\u00f3polis, Teres\u00f3polis, Mag\u00e9 o e mais novo, em Nova Friburgo, que acaba de ser inaugurado.<\/p>\n\n\n\n<p>\u201cNosso compromisso \u00e9 com a Educa\u00e7\u00e3o. Seguimos com a nossa miss\u00e3o de formar profissionais capacitados, mas acima de tudo com olhar humanista. Buscamos permanentemente formas de oportunizar o acesso ao Ensino Superior a quem busca forma\u00e7\u00e3o de qualidade e excel\u00eancia, como comprovam nossos resultados nas avalia\u00e7\u00f5es da categoria. Por isso nosso cuidado e preocupa\u00e7\u00e3o em cada novo passo, como a expans\u00e3o do polo em Friburgo, novos cursos em EAD e um novo processo seletivo ampliado de maneira a atender \u00e0s mudan\u00e7as e vida atribulada de todos, sem deixar os sonhos de lado\u201d, disse o vice-reitor da UCP, maestro Marcelo Vizani.<\/p>\n","protected":false},"excerpt":{"rendered":"<p>Processo seletivo ser\u00e1 para 22 cursos, incluindo a novidade com Filosofia e Teologia na modalidade<\/p>\n","protected":false},"author":2,"featured_media":4235,"comment_status":"open","ping_status":"open","sticky":false,"template":"","format":"standard","meta":{"footnotes":""},"categories":[19],"tags":[],"class_list":["post-4360","post","type-post","status-publish","format-standard","has-post-thumbnail","hentry","category-educacao"],"_links":{"self":[{"href":"https:\/\/tvc16.com\/portal\/wp-json\/wp\/v2\/posts\/4360","targetHints":{"allow":["GET"]}}],"collection":[{"href":"https:\/\/tvc16.com\/portal\/wp-json\/wp\/v2\/posts"}],"about":[{"href":"https:\/\/tvc16.com\/portal\/wp-json\/wp\/v2\/types\/post"}],"author":[{"embeddable":true,"href":"https:\/\/tvc16.com\/portal\/wp-json\/wp\/v2\/users\/2"}],"replies":[{"embeddable":true,"href":"https:\/\/tvc16.com\/portal\/wp-json\/wp\/v2\/comments?post=4360"}],"version-history":[{"count":1,"href":"https:\/\/tvc16.com\/portal\/wp-json\/wp\/v2\/posts\/4360\/revisions"}],"predecessor-version":[{"id":4362,"href":"https:\/\/tvc16.com\/portal\/wp-json\/wp\/v2\/posts\/4360\/revisions\/4362"}],"wp:featuredmedia":[{"embeddable":true,"href":"https:\/\/tvc16.com\/portal\/wp-json\/wp\/v2\/media\/4235"}],"wp:attachment":[{"href":"https:\/\/tvc16.com\/portal\/wp-json\/wp\/v2\/media?parent=4360"}],"wp:term":[{"taxonomy":"category","embeddable":true,"href":"https:\/\/tvc16.com\/portal\/wp-json\/wp\/v2\/categories?post=4360"},{"taxonomy":"post_tag","embeddable":true,"href":"https:\/\/tvc16.com\/portal\/wp-json\/wp\/v2\/tags?post=4360"}],"curies":[{"name":"wp","href":"https:\/\/api.w.org\/{rel}","templated":true}]}}