{"id":43602,"date":"2022-09-11T09:40:00","date_gmt":"2022-09-11T12:40:00","guid":{"rendered":"https:\/\/tvc16.com\/portal\/?p=43602"},"modified":"2022-09-10T15:20:30","modified_gmt":"2022-09-10T18:20:30","slug":"la-vita-e-bella-vem-ai-serra-serata-2022-no-palacio-de-cristal","status":"publish","type":"post","link":"https:\/\/tvc16.com\/portal\/2022\/09\/11\/la-vita-e-bella-vem-ai-serra-serata-2022-no-palacio-de-cristal\/","title":{"rendered":"La Vita \u00e8 Bella: Vem a\u00ed, Serra Serata 2022 no Pal\u00e1cio de Cristal"},"content":{"rendered":"\n<p>Ser\u00e3o dois fins de semana de celebra\u00e7\u00e3o \u00e0 cultura italiana, em Petr\u00f3polis<\/p>\n\n\n\n<p>A beleza da vida ser\u00e1 celebrada na edi\u00e7\u00e3o 2022 do Serra Serata. O Pal\u00e1cio de Cristal vai receber a festa em dois fins de semana, de 15 a 18 e 22 a 25 de setembro.<\/p>\n\n\n\n<p>A abertura do evento ser\u00e1 na quinta-feira, dia 15, no Pal\u00e1cio de Cristal, com apresenta\u00e7\u00e3o da Banda do Batalh\u00e3o; os tradicionais gondoleiros, levando o clima de Veneza para os jardins do Pal\u00e1cio; exposi\u00e7\u00e3o sobre D. Teresa Cristina, promovida pelo Instituto Hist\u00f3rico de Petr\u00f3polis; e show de Anna Hannickel e Orquestra, refor\u00e7ando o clima da festa com \u00e1rias e can\u00e7\u00f5es italianas.<\/p>\n\n\n\n<figure class=\"wp-block-image size-large\"><img loading=\"lazy\" decoding=\"async\" width=\"1024\" height=\"605\" src=\"https:\/\/tvc16.com\/portal\/wp-content\/uploads\/2022\/09\/WhatsApp-Image-2022-09-10-at-15.14.29-1-1024x605.jpeg\" alt=\"\" class=\"wp-image-43604\" srcset=\"https:\/\/tvc16.com\/portal\/wp-content\/uploads\/2022\/09\/WhatsApp-Image-2022-09-10-at-15.14.29-1-1024x605.jpeg 1024w, https:\/\/tvc16.com\/portal\/wp-content\/uploads\/2022\/09\/WhatsApp-Image-2022-09-10-at-15.14.29-1-300x177.jpeg 300w, https:\/\/tvc16.com\/portal\/wp-content\/uploads\/2022\/09\/WhatsApp-Image-2022-09-10-at-15.14.29-1-768x454.jpeg 768w, https:\/\/tvc16.com\/portal\/wp-content\/uploads\/2022\/09\/WhatsApp-Image-2022-09-10-at-15.14.29-1.jpeg 1265w\" sizes=\"auto, (max-width: 1024px) 100vw, 1024px\" \/><\/figure>\n\n\n\n<p>\u201c\u00c9, mais uma vez, o resgate da nossa cultura, dos italianos que chegaram em Petr\u00f3polis e foram important\u00edssimos para o desenvolvimento da nossa cidade, empenhando a for\u00e7a de trabalho na extinta Companhia Petropolitana de Tecidos, em Cascatinha\u201d, lembrou o prefeito Rubens Bomtempo.<\/p>\n\n\n\n<p>Foi no bairro de Cascatinha, na pr\u00f3pria Companhia de Tecidos, que as homenagens a cultura e ao povo italiano come\u00e7aram. L\u00e1, foram realizadas as quatro primeiras edi\u00e7\u00f5es da Festa Italiana. A festa cresceu e se consolidou no calend\u00e1rio de eventos da cidade, movimentando toda a cadeia produtiva do turismo.<\/p>\n\n\n\n<figure class=\"wp-block-image size-full\"><img loading=\"lazy\" decoding=\"async\" width=\"600\" height=\"450\" src=\"https:\/\/tvc16.com\/portal\/wp-content\/uploads\/2022\/09\/WhatsApp-Image-2022-09-10-at-15.14.29-2.jpeg\" alt=\"\" class=\"wp-image-43605\" srcset=\"https:\/\/tvc16.com\/portal\/wp-content\/uploads\/2022\/09\/WhatsApp-Image-2022-09-10-at-15.14.29-2.jpeg 600w, https:\/\/tvc16.com\/portal\/wp-content\/uploads\/2022\/09\/WhatsApp-Image-2022-09-10-at-15.14.29-2-300x225.jpeg 300w, https:\/\/tvc16.com\/portal\/wp-content\/uploads\/2022\/09\/WhatsApp-Image-2022-09-10-at-15.14.29-2-200x150.jpeg 200w\" sizes=\"auto, (max-width: 600px) 100vw, 600px\" \/><\/figure>\n\n\n\n<p>\u201cN\u00f3s estamos muito felizes em retomar o Serra Serata neste ano de 2022. Estamos vindo de uma Bauernfest que foi um enorme sucesso e vamos seguir agora com a festa da col\u00f4nia italiana e outras tantas que ainda est\u00e3o por vir, como o BunkaSai, O Festival de Cinema, o Natal Imperial, entre outros\u201d, destacou a secret\u00e1ria de Turismo, Silvia Guedon.<\/p>\n\n\n\n<p>O legado italiano na nossa cidade est\u00e1 na mem\u00f3ria de todos e, em especial, dos mais de 115 mil descendentes que vivem na nossa cidade. A primeira italiana a chegar \u00e0 Petr\u00f3polis, ainda no tempo do Imp\u00e9rio, foi a Imperatriz D. Teresa Cristina, natural de N\u00e1poles, Reino da It\u00e1lia, e que ser\u00e1 homenageada na exposi\u00e7\u00e3o do IHP.<\/p>\n\n\n\n<p>Durante os dois fins de semana a cultura italiana ser\u00e1 celebrada com exibi\u00e7\u00e3o de filmes, palestras, conta\u00e7\u00e3o de hist\u00f3rias, shows, dan\u00e7a e, claro, a tradicional gastronomia italiana, uma das melhores do mundo. Os pratos servidos nas barraquinhas fazem parte do card\u00e1pio elaborado pela Casa D\u2019It\u00e1lia.<\/p>\n\n\n\n<p>\u201cO Serra Serata quer celebrar e incentivar a tradi\u00e7\u00e3o italiana de reunir a fam\u00edlia e as refei\u00e7\u00f5es s\u00e3o um momento de extrema import\u00e2ncia, que resgata a uni\u00e3o em torno da mesa e de um dos maiores prazeres que \u00e9 saborear uma boa comida\u201d, destacou Cristina Pellegrini, respons\u00e1vel pelo setor de gastronomia da Casa D\u2019It\u00e1lia.<\/p>\n\n\n\n<p>A expectativa do setor hoteleiro para o per\u00edodo do Serra Serata \u00e9 bastante positiva. A previs\u00e3o do Convention &amp; Visitors \u00e9 a de alcan\u00e7ar 90% de ocupa\u00e7\u00e3o dos 6,3 mil leitos em 118 meios de hospedagem da cidade nos fins de semana de setembro, em especial para as datas do Serra Serata.<\/p>\n\n\n\n<p>\u201cPetr\u00f3polis vem trabalhando bem a quest\u00e3o dos eventos, com muita sincronia e sinergia com seus organizadores. Isso trouxe uma interatividade que propicia n\u00e3o apenas uma amplia\u00e7\u00e3o da divulga\u00e7\u00e3o dos eventos para o p\u00fablico visitante, mas para o morador e para que a rede hoteleira e de gastronomia tamb\u00e9m se integre \u00e0s programa\u00e7\u00f5es\u201d, destacou Fabiano Barros, presidente do Petr\u00f3polis Convention &amp; Visitors Bureau.<\/p>\n\n\n\n<p>O Serra Serata \u00e9 uma realiza\u00e7\u00e3o da Prefeitura de Petr\u00f3polis, Instituto Municipal de Cultura, Turispetro e Casa D\u2019Italia Anita Garibaldi. Para mais informa\u00e7\u00f5es sobre o Serra Serata 2022 e a hist\u00f3ria dos italianos em Petr\u00f3polis, basta acessar o site https:\/\/web2.petropolis.rj.gov.br\/serra-serata\/.<\/p>\n\n\n\n<p>SERVI\u00c7O<br>Serra Serata 2022 &#8211; a Vita \u00e8 Bella<br>Quando: 15 a 18 e 22 a 25 de setembro.<br>Onde: Pal\u00e1cio de Cristal<br>Hor\u00e1rio de funcionamento:<br>Abertura no dia 15 de setembro \u2013 18h \u00e0s 00h<br>5\u00aa &#8211; 10h \u00e0s 00h<br>6\u00aa e s\u00e1bado &#8211; 10h \u00e0s 01h<br>Domingo &#8211; 10h \u00e0s 00h<br>Entrada franca<\/p>\n","protected":false},"excerpt":{"rendered":"<p>Ser\u00e3o dois fins de semana de celebra\u00e7\u00e3o \u00e0 cultura italiana, em Petr\u00f3polis A beleza da<\/p>\n","protected":false},"author":2,"featured_media":43603,"comment_status":"open","ping_status":"open","sticky":true,"template":"","format":"standard","meta":{"footnotes":""},"categories":[12,21,18,118],"tags":[],"class_list":["post-43602","post","type-post","status-publish","format-standard","has-post-thumbnail","hentry","category-cidade","category-cultura","category-economia","category-programacao"],"_links":{"self":[{"href":"https:\/\/tvc16.com\/portal\/wp-json\/wp\/v2\/posts\/43602","targetHints":{"allow":["GET"]}}],"collection":[{"href":"https:\/\/tvc16.com\/portal\/wp-json\/wp\/v2\/posts"}],"about":[{"href":"https:\/\/tvc16.com\/portal\/wp-json\/wp\/v2\/types\/post"}],"author":[{"embeddable":true,"href":"https:\/\/tvc16.com\/portal\/wp-json\/wp\/v2\/users\/2"}],"replies":[{"embeddable":true,"href":"https:\/\/tvc16.com\/portal\/wp-json\/wp\/v2\/comments?post=43602"}],"version-history":[{"count":1,"href":"https:\/\/tvc16.com\/portal\/wp-json\/wp\/v2\/posts\/43602\/revisions"}],"predecessor-version":[{"id":43606,"href":"https:\/\/tvc16.com\/portal\/wp-json\/wp\/v2\/posts\/43602\/revisions\/43606"}],"wp:featuredmedia":[{"embeddable":true,"href":"https:\/\/tvc16.com\/portal\/wp-json\/wp\/v2\/media\/43603"}],"wp:attachment":[{"href":"https:\/\/tvc16.com\/portal\/wp-json\/wp\/v2\/media?parent=43602"}],"wp:term":[{"taxonomy":"category","embeddable":true,"href":"https:\/\/tvc16.com\/portal\/wp-json\/wp\/v2\/categories?post=43602"},{"taxonomy":"post_tag","embeddable":true,"href":"https:\/\/tvc16.com\/portal\/wp-json\/wp\/v2\/tags?post=43602"}],"curies":[{"name":"wp","href":"https:\/\/api.w.org\/{rel}","templated":true}]}}