{"id":43608,"date":"2022-09-11T13:00:00","date_gmt":"2022-09-11T16:00:00","guid":{"rendered":"https:\/\/tvc16.com\/portal\/?p=43608"},"modified":"2022-09-10T16:12:55","modified_gmt":"2022-09-10T19:12:55","slug":"aumento-dos-casos-de-suicidio-entre-os-jovens-preocupa-especialistas","status":"publish","type":"post","link":"https:\/\/tvc16.com\/portal\/2022\/09\/11\/aumento-dos-casos-de-suicidio-entre-os-jovens-preocupa-especialistas\/","title":{"rendered":"Aumento dos casos de suic\u00eddio entre os jovens preocupa especialistas"},"content":{"rendered":"\n<p>Mais de um milh\u00e3o de casos de suic\u00eddio s\u00e3o registrados em todo o mundo, segundo dados da Organiza\u00e7\u00e3o Mundial da Sa\u00fade (OMS). No Brasil, os registros ultrapassam 14 mil casos por ano &#8211; isso sem contar os epis\u00f3dios subnotificados.<\/p>\n\n\n\n<p>De acordo com o presidente da Associa\u00e7\u00e3o Brasileira de Estudos e Preven\u00e7\u00e3o do Suic\u00eddio (ABEPS), Carlos Felipe, houve um aumento do n\u00famero de suic\u00eddios entre os jovens, particularmente a idea\u00e7\u00e3o e a tentativa de dar fim \u00e0 pr\u00f3pria vida. O m\u00e9dico afirma que o suic\u00eddio \u00e9 sempre explic\u00e1vel pela rela\u00e7\u00e3o entre os fatores de riscos que podem levar o indiv\u00edduo a essa situa\u00e7\u00e3o e os fatores de prote\u00e7\u00e3o.<\/p>\n\n\n\n<p>\u201c\u00c9 como se fosse um equil\u00edbrio entre fatores de risco e fatores de prote\u00e7\u00e3o. Atualmente observamos um aumento de determinados fatores de riscos na popula\u00e7\u00e3o jovem, notadamente por perda de suas rela\u00e7\u00f5es sociais\u201d, completa.&nbsp;<\/p>\n\n\n\n<p>Segundo o especialista, essa perda de rela\u00e7\u00f5es sociais est\u00e1 relacionada, por exemplo, \u00e0 falta de recursos que fazem o jovem deixar a universidade, como familiares desempregados ou a perda do pr\u00f3prio emprego.<\/p>\n\n\n\n<h2 class=\"wp-block-heading\">Forma\u00e7\u00e3o de multiplicadores<\/h2>\n\n\n\n<p>As inscri\u00e7\u00f5es para cursos de Preven\u00e7\u00e3o da Automutila\u00e7\u00e3o e de Preven\u00e7\u00e3o ao Suic\u00eddio est\u00e3o abertas at\u00e9 o dia 30 de novembro pelo site <a href=\"https:\/\/universusbrasil.saude.gov.br\/\">UniverSUS Brasil<\/a>. O curso ser\u00e1 ministrado a dist\u00e2ncia, com carga hor\u00e1ria de 20 e 40 horas-aula. O objetivo \u00e9 qualificar multiplicadores para a abordagem de adolescentes entre 11 e 18 anos no combate ao suic\u00eddio e \u00e0 automutila\u00e7\u00e3o.<\/p>\n\n\n\n<p>Os cursos s\u00e3o direcionados a profissionais das \u00e1reas da sa\u00fade, educa\u00e7\u00e3o, profissionais dos conselhos tutelares, l\u00edderes de associa\u00e7\u00f5es religiosas, entidades beneficentes e movimentos sociais. O material \u00e9 organizado por m\u00f3dulos, com fasc\u00edculos, cartilhas e videoaulas.&nbsp;<\/p>\n\n\n\n<p>O professor e doutor em Psicologia Social, do Trabalho e das Organiza\u00e7\u00f5es, Felipe dos Anjos, explica que os motivos que podem levar uma pessoa a cometer suic\u00eddio s\u00e3o in\u00fameros e pessoais.<\/p>\n\n\n\n<p>\u201cO suic\u00eddio \u00e9 um comportamento multifatorial e multideterminado, resultante de uma complexa teia de fatores de risco e fatores protetores que interagem de uma forma que dificulta a identifica\u00e7\u00e3o e a precis\u00e3o do relativo a cada um deles\u201d, conclui.<\/p>\n\n\n\n<p>Os cursos s\u00e3o gratuitos e para se inscrever, basta acessar o site UniverSUS Brasil, selecionar a op\u00e7\u00e3o de curso desejada e clicar em \u201cinscrever-se\u201d.<\/p>\n\n\n\n<p>Fonte: Brasil 61 &#8211; Reportagem Sophia Stein<\/p>\n","protected":false},"excerpt":{"rendered":"<p>Mais de um milh\u00e3o de casos de suic\u00eddio s\u00e3o registrados em todo o mundo, segundo<\/p>\n","protected":false},"author":2,"featured_media":43609,"comment_status":"open","ping_status":"open","sticky":false,"template":"","format":"standard","meta":{"footnotes":""},"categories":[17,13],"tags":[],"class_list":["post-43608","post","type-post","status-publish","format-standard","has-post-thumbnail","hentry","category-outras-noticias","category-saude"],"_links":{"self":[{"href":"https:\/\/tvc16.com\/portal\/wp-json\/wp\/v2\/posts\/43608","targetHints":{"allow":["GET"]}}],"collection":[{"href":"https:\/\/tvc16.com\/portal\/wp-json\/wp\/v2\/posts"}],"about":[{"href":"https:\/\/tvc16.com\/portal\/wp-json\/wp\/v2\/types\/post"}],"author":[{"embeddable":true,"href":"https:\/\/tvc16.com\/portal\/wp-json\/wp\/v2\/users\/2"}],"replies":[{"embeddable":true,"href":"https:\/\/tvc16.com\/portal\/wp-json\/wp\/v2\/comments?post=43608"}],"version-history":[{"count":1,"href":"https:\/\/tvc16.com\/portal\/wp-json\/wp\/v2\/posts\/43608\/revisions"}],"predecessor-version":[{"id":43610,"href":"https:\/\/tvc16.com\/portal\/wp-json\/wp\/v2\/posts\/43608\/revisions\/43610"}],"wp:featuredmedia":[{"embeddable":true,"href":"https:\/\/tvc16.com\/portal\/wp-json\/wp\/v2\/media\/43609"}],"wp:attachment":[{"href":"https:\/\/tvc16.com\/portal\/wp-json\/wp\/v2\/media?parent=43608"}],"wp:term":[{"taxonomy":"category","embeddable":true,"href":"https:\/\/tvc16.com\/portal\/wp-json\/wp\/v2\/categories?post=43608"},{"taxonomy":"post_tag","embeddable":true,"href":"https:\/\/tvc16.com\/portal\/wp-json\/wp\/v2\/tags?post=43608"}],"curies":[{"name":"wp","href":"https:\/\/api.w.org\/{rel}","templated":true}]}}