{"id":43611,"date":"2022-09-10T17:48:00","date_gmt":"2022-09-10T20:48:00","guid":{"rendered":"https:\/\/tvc16.com\/portal\/?p=43611"},"modified":"2022-09-10T17:35:13","modified_gmt":"2022-09-10T20:35:13","slug":"policiais-militares-do-26o-bpm-recuperaram-motocicleta-furtada-em-itaipava","status":"publish","type":"post","link":"https:\/\/tvc16.com\/portal\/2022\/09\/10\/policiais-militares-do-26o-bpm-recuperaram-motocicleta-furtada-em-itaipava\/","title":{"rendered":"Policiais Militares do 26\u00ba BPM recuperaram Motocicleta furtada em Itaipava"},"content":{"rendered":"\n<p>Na tarde deste s\u00e1bado, dia 10\/09, Policiais Militares, do 26\u00ba Batalh\u00e3o de Pol\u00edcia Militar, receberam den\u00fancias de que uma motocicleta, sem placa, estava estacionada no Horto de Itaipava. Ao verificar a informa\u00e7\u00e3o, o grupamento localizou o ve\u00edculo parado, sem ningu\u00e9m pr\u00f3ximo, e, na consulta, constatou tratar-se de produto de furto. A ocorr\u00eancia foi registrada na 106\u00aa DP, aonde a motocicleta ficou apreendida.<\/p>\n\n\n\n<p>Na a\u00e7\u00e3o, foi apreendida:<\/p>\n\n\n\n<ul class=\"wp-block-list\"><li>01 motocicleta YBR150 FACTOR ED furtada<\/li><\/ul>\n\n\n\n<p>Den\u00fancias podem ser feitas atrav\u00e9s do n\u00famero: Whastapp (24)99324-5499 ou (24)2291-5071 e o sigilo \u00e9 garantido.<\/p>\n","protected":false},"excerpt":{"rendered":"<p>Na tarde deste s\u00e1bado, dia 10\/09, Policiais Militares, do 26\u00ba Batalh\u00e3o de Pol\u00edcia Militar, receberam<\/p>\n","protected":false},"author":2,"featured_media":43612,"comment_status":"open","ping_status":"open","sticky":false,"template":"","format":"standard","meta":{"footnotes":""},"categories":[12],"tags":[],"class_list":["post-43611","post","type-post","status-publish","format-standard","has-post-thumbnail","hentry","category-cidade"],"_links":{"self":[{"href":"https:\/\/tvc16.com\/portal\/wp-json\/wp\/v2\/posts\/43611","targetHints":{"allow":["GET"]}}],"collection":[{"href":"https:\/\/tvc16.com\/portal\/wp-json\/wp\/v2\/posts"}],"about":[{"href":"https:\/\/tvc16.com\/portal\/wp-json\/wp\/v2\/types\/post"}],"author":[{"embeddable":true,"href":"https:\/\/tvc16.com\/portal\/wp-json\/wp\/v2\/users\/2"}],"replies":[{"embeddable":true,"href":"https:\/\/tvc16.com\/portal\/wp-json\/wp\/v2\/comments?post=43611"}],"version-history":[{"count":1,"href":"https:\/\/tvc16.com\/portal\/wp-json\/wp\/v2\/posts\/43611\/revisions"}],"predecessor-version":[{"id":43613,"href":"https:\/\/tvc16.com\/portal\/wp-json\/wp\/v2\/posts\/43611\/revisions\/43613"}],"wp:featuredmedia":[{"embeddable":true,"href":"https:\/\/tvc16.com\/portal\/wp-json\/wp\/v2\/media\/43612"}],"wp:attachment":[{"href":"https:\/\/tvc16.com\/portal\/wp-json\/wp\/v2\/media?parent=43611"}],"wp:term":[{"taxonomy":"category","embeddable":true,"href":"https:\/\/tvc16.com\/portal\/wp-json\/wp\/v2\/categories?post=43611"},{"taxonomy":"post_tag","embeddable":true,"href":"https:\/\/tvc16.com\/portal\/wp-json\/wp\/v2\/tags?post=43611"}],"curies":[{"name":"wp","href":"https:\/\/api.w.org\/{rel}","templated":true}]}}