{"id":43614,"date":"2022-09-11T15:20:00","date_gmt":"2022-09-11T18:20:00","guid":{"rendered":"https:\/\/tvc16.com\/portal\/?p=43614"},"modified":"2022-09-10T18:58:59","modified_gmt":"2022-09-10T21:58:59","slug":"medalhista-olimpica-alessandra-denuncia-racismo-me-fez-sair-do-taxi","status":"publish","type":"post","link":"https:\/\/tvc16.com\/portal\/2022\/09\/11\/medalhista-olimpica-alessandra-denuncia-racismo-me-fez-sair-do-taxi\/","title":{"rendered":"Medalhista ol\u00edmpica, Alessandra, denuncia racismo: &#8220;me fez sair do taxi&#8221;."},"content":{"rendered":"\n<p>FolhaPress\/UOL &#8211; S\u00e3o Paulo<\/p>\n\n\n\n<p>A ex-jogadora de basquete Alessandra, medalhista ol\u00edmpica de prata em Atlanta-1996 e de bronze em Sidney-2000, al\u00e9m de campe\u00e3 mundial na Austr\u00e1lia, em 1994, denunciou neste s\u00e1bado (10) um caso de racismo sofrido por ela na Zona Oeste de S\u00e3o Paulo, no bairro do Butant\u00e3.<\/p>\n\n\n\n<figure class=\"wp-block-image size-full\"><img loading=\"lazy\" decoding=\"async\" width=\"214\" height=\"320\" src=\"https:\/\/tvc16.com\/portal\/wp-content\/uploads\/2022\/09\/alessandra1.jpg\" alt=\"\" class=\"wp-image-43616\" srcset=\"https:\/\/tvc16.com\/portal\/wp-content\/uploads\/2022\/09\/alessandra1.jpg 214w, https:\/\/tvc16.com\/portal\/wp-content\/uploads\/2022\/09\/alessandra1-201x300.jpg 201w\" sizes=\"auto, (max-width: 214px) 100vw, 214px\" \/><\/figure>\n\n\n\n<p><br>Em uma transmiss\u00e3o ao vivo de mais ou menos quatro minutos de dura\u00e7\u00e3o no Instagram, a ex-jogadora de 48 anos disse ter sido obrigada a sair de um t\u00e1xi no ponto pr\u00f3ximo \u00e0 esta\u00e7\u00e3o de Metr\u00f4 do Butant\u00e3. Alessandra relatou que estava a caminho de uma escola no bairro Jardim Colombo onde d\u00e1 aulas quando se sentiu v\u00edtima de preconceito: &#8220;Tinha quatro t\u00e1xis, pergunta se algu\u00e9m quis me levar. Pergunta se algu\u00e9m quis me levar, pergunta.&#8221;<br>&#8220;Sabe qual o problema do Brasil? S\u00e3o os brasileiros. Preconceituosos, n\u00e3o sabem o que voc\u00ea est\u00e1 fazendo, te julgam pela roupa que voc\u00ea est\u00e1 e pela sua cor de pele, infelizmente. Eu sofro mais racismo aqui no Brasil do que na Europa. Todo mundo fala da Ucr\u00e2nia, fala da R\u00fassia, fala n\u00e3o sei da onde, mas voc\u00ea est\u00e1 aqui em S\u00e3o Paulo do lado da esta\u00e7\u00e3o de Metr\u00f4 e voc\u00ea tem que falar sobre isso em 2022&#8221;, desabafou a esportista, que ainda completou:<br>&#8220;Tinha quatro t\u00e1xis, nenhum me levou, todos fizeram de conta que eu n\u00e3o existia. Eu tenho 2m, pessoal, eu entrei dentro de um t\u00e1xi e o cara me fez sair de dentro de um t\u00e1xi. Eu estou cansada de tanta falta de empatia (&#8230;) As pessoas n\u00e3o respeitam. Depois falam que o Brasil \u00e9 um pa\u00eds acolhedor, acolhedor aonde? Eu n\u00e3o entendo.&#8221;<br>Alessandra defendeu a sele\u00e7\u00e3o brasileira de basquete como piv\u00f4 por 17 temporadas, est\u00e1 aposentada desde 2014 e tem hoje 48 anos. Ap\u00f3s a carreira no basquete, ela se formou em Educa\u00e7\u00e3o F\u00edsica e come\u00e7ou a dar aulas.<br>Leia o que disse Alessandra no v\u00eddeo:<br>&#8220;Pessoal, quanto tempo, n\u00e9? Faz tempo que eu n\u00e3o fa\u00e7o live. Estou at\u00e9 descabelada. Eu tive uma manh\u00e3 muito maravilhosa, muito. A\u00ed, sabe o que acontece? Estou aqui indo treino, estou no Terminal Butant\u00e3 de Metr\u00f4, vou at\u00e9 mostrar para voc\u00eas verem o ponto de t\u00e1xi que eu estou. Estou indo l\u00e1 para o Col\u00e9gio Santo Am\u00e9rico dar treino, a\u00ed voc\u00ea chega no ponto de t\u00e1xi, esperando t\u00e1xi, tinha quatro t\u00e1xis, pergunta se algu\u00e9m quis me levar. Pergunta se algu\u00e9m quis me levar, pergunta. Sabe? Estou cansada do Brasil. Sabe qual o problema do Brasil? S\u00e3o os brasileiros. Preconceituosos, n\u00e3o sabem o que voc\u00ea est\u00e1 fazendo, te julgam pela roupa que voc\u00ea est\u00e1 e pela sua cor de pele, infelizmente. Eu sofro mais racismo aqui no Brasil do que na Europa. Todo mundo fala da Ucr\u00e2nia, fala da R\u00fassia, fala n\u00e3o sei da onde, mas voc\u00ea est\u00e1 aqui em S\u00e3o Paulo do lado da esta\u00e7\u00e3o de Metr\u00f4 e voc\u00ea tem que falar sobre isso em 2022. As pessoas te julgam no Brasil por quem tem mais seguidor, pela cor da sua pele, do jeito como voc\u00ea est\u00e1 vestido. L\u00f3gico, estou vestida de regata, camiseta e shorts indo dar treino, est\u00e1 30 graus em S\u00e3o Paulo. Isso que voc\u00ea tem que viver todo dia, todo dia. Todo dia \u00e9 essa merda, eu estou cansada de ficar no Brasil.<br>Tinha quatro t\u00e1xis, nenhum me levou, todos fizeram de conta que eu n\u00e3o existia. Eu tenho 2 m, pessoal, eu entrei dentro de um t\u00e1xi e o cara me fez sair de dentro de um t\u00e1xi. Eu estou cansada de tanta falta de empatia (&#8230;) As pessoas n\u00e3o respeitam. Depois falam que o Brasil \u00e9 um pa\u00eds acolhedor, acolhedor aonde? Eu n\u00e3o entendo. Deixo aqui a minha ingratid\u00e3o. E se voc\u00eas forem votar votem certo porque deu j\u00e1, n\u00e9? Basta.&#8221;<\/p>\n\n\n\n<p>Fotos: divulga\u00e7\u00e3o<\/p>\n","protected":false},"excerpt":{"rendered":"<p>FolhaPress\/UOL &#8211; S\u00e3o Paulo A ex-jogadora de basquete Alessandra, medalhista ol\u00edmpica de prata em Atlanta-1996<\/p>\n","protected":false},"author":2,"featured_media":43615,"comment_status":"open","ping_status":"open","sticky":false,"template":"","format":"standard","meta":{"footnotes":""},"categories":[19,20,17,14],"tags":[],"class_list":["post-43614","post","type-post","status-publish","format-standard","has-post-thumbnail","hentry","category-educacao","category-esporte","category-outras-noticias","category-pais"],"_links":{"self":[{"href":"https:\/\/tvc16.com\/portal\/wp-json\/wp\/v2\/posts\/43614","targetHints":{"allow":["GET"]}}],"collection":[{"href":"https:\/\/tvc16.com\/portal\/wp-json\/wp\/v2\/posts"}],"about":[{"href":"https:\/\/tvc16.com\/portal\/wp-json\/wp\/v2\/types\/post"}],"author":[{"embeddable":true,"href":"https:\/\/tvc16.com\/portal\/wp-json\/wp\/v2\/users\/2"}],"replies":[{"embeddable":true,"href":"https:\/\/tvc16.com\/portal\/wp-json\/wp\/v2\/comments?post=43614"}],"version-history":[{"count":1,"href":"https:\/\/tvc16.com\/portal\/wp-json\/wp\/v2\/posts\/43614\/revisions"}],"predecessor-version":[{"id":43617,"href":"https:\/\/tvc16.com\/portal\/wp-json\/wp\/v2\/posts\/43614\/revisions\/43617"}],"wp:featuredmedia":[{"embeddable":true,"href":"https:\/\/tvc16.com\/portal\/wp-json\/wp\/v2\/media\/43615"}],"wp:attachment":[{"href":"https:\/\/tvc16.com\/portal\/wp-json\/wp\/v2\/media?parent=43614"}],"wp:term":[{"taxonomy":"category","embeddable":true,"href":"https:\/\/tvc16.com\/portal\/wp-json\/wp\/v2\/categories?post=43614"},{"taxonomy":"post_tag","embeddable":true,"href":"https:\/\/tvc16.com\/portal\/wp-json\/wp\/v2\/tags?post=43614"}],"curies":[{"name":"wp","href":"https:\/\/api.w.org\/{rel}","templated":true}]}}