{"id":43625,"date":"2022-09-11T14:38:34","date_gmt":"2022-09-11T17:38:34","guid":{"rendered":"https:\/\/tvc16.com\/portal\/?p=43625"},"modified":"2022-09-11T14:38:35","modified_gmt":"2022-09-11T17:38:35","slug":"teresopolis-segue-com-a-divulgacao-da-lista-da-3a-chamada-para-matricula-nas-creches-municipais","status":"publish","type":"post","link":"https:\/\/tvc16.com\/portal\/2022\/09\/11\/teresopolis-segue-com-a-divulgacao-da-lista-da-3a-chamada-para-matricula-nas-creches-municipais\/","title":{"rendered":"Teres\u00f3polis segue com a divulga\u00e7\u00e3o da lista da 3\u00aa chamada para matr\u00edcula nas creches municipais"},"content":{"rendered":"\n<p>A Prefeitura de Teres\u00f3polis, atrav\u00e9s do site e de suas redes sociais oficiais, continua a divulgar a lista da 3\u00aa chamada para matr\u00edcula nas creches municipais. O prazo para as inscri\u00e7\u00f5es via at\u00e9 o dia 16 de setembro, das 08h \u00e0s 12h e \u00e9 necess\u00e1rio apresentar uma s\u00e9rie de documentos no momento da inscri\u00e7\u00e3o.<\/p>\n\n\n\n<p>Para as familias se informarem se foram contampladas, \u00e9 necess\u00e1rio acessar o site: educa\u00e7\u00e3o.teresopolis.rj.gov.br. O local de matr\u00edcula ser\u00e1 na Creche, escola ou CMEI na qual o aluno foi contemplado com a vaga.<\/p>\n\n\n\n<p>Confira a lista de documentos necess\u00e1rios: xerox do cart\u00e3o de vacina; 3 fotos 3&#215;4; laudo m\u00e9dico no caso de alunos portadores de necessidades especiais; xerox da certid\u00e3o de nascimento do aluno; n\u00famero do NIS do aluno; xerox do CPF do respons\u00e1vel; xerox da identidade do respons\u00e1vel; xerox do comprovante de resid\u00eancia no nome do respons\u00e1vel.<\/p>\n","protected":false},"excerpt":{"rendered":"<p>A Prefeitura de Teres\u00f3polis, atrav\u00e9s do site e de suas redes sociais oficiais, continua a<\/p>\n","protected":false},"author":2,"featured_media":43626,"comment_status":"open","ping_status":"open","sticky":false,"template":"","format":"standard","meta":{"footnotes":""},"categories":[19,17],"tags":[],"class_list":["post-43625","post","type-post","status-publish","format-standard","has-post-thumbnail","hentry","category-educacao","category-outras-noticias"],"_links":{"self":[{"href":"https:\/\/tvc16.com\/portal\/wp-json\/wp\/v2\/posts\/43625","targetHints":{"allow":["GET"]}}],"collection":[{"href":"https:\/\/tvc16.com\/portal\/wp-json\/wp\/v2\/posts"}],"about":[{"href":"https:\/\/tvc16.com\/portal\/wp-json\/wp\/v2\/types\/post"}],"author":[{"embeddable":true,"href":"https:\/\/tvc16.com\/portal\/wp-json\/wp\/v2\/users\/2"}],"replies":[{"embeddable":true,"href":"https:\/\/tvc16.com\/portal\/wp-json\/wp\/v2\/comments?post=43625"}],"version-history":[{"count":1,"href":"https:\/\/tvc16.com\/portal\/wp-json\/wp\/v2\/posts\/43625\/revisions"}],"predecessor-version":[{"id":43627,"href":"https:\/\/tvc16.com\/portal\/wp-json\/wp\/v2\/posts\/43625\/revisions\/43627"}],"wp:featuredmedia":[{"embeddable":true,"href":"https:\/\/tvc16.com\/portal\/wp-json\/wp\/v2\/media\/43626"}],"wp:attachment":[{"href":"https:\/\/tvc16.com\/portal\/wp-json\/wp\/v2\/media?parent=43625"}],"wp:term":[{"taxonomy":"category","embeddable":true,"href":"https:\/\/tvc16.com\/portal\/wp-json\/wp\/v2\/categories?post=43625"},{"taxonomy":"post_tag","embeddable":true,"href":"https:\/\/tvc16.com\/portal\/wp-json\/wp\/v2\/tags?post=43625"}],"curies":[{"name":"wp","href":"https:\/\/api.w.org\/{rel}","templated":true}]}}