{"id":43632,"date":"2022-09-11T16:30:00","date_gmt":"2022-09-11T19:30:00","guid":{"rendered":"https:\/\/tvc16.com\/portal\/?p=43632"},"modified":"2022-09-11T14:57:13","modified_gmt":"2022-09-11T17:57:13","slug":"acao-coordenada-para-protecao-social-as-criancas-e-adolescentes-acontece-em-tres-rios","status":"publish","type":"post","link":"https:\/\/tvc16.com\/portal\/2022\/09\/11\/acao-coordenada-para-protecao-social-as-criancas-e-adolescentes-acontece-em-tres-rios\/","title":{"rendered":"A\u00e7\u00e3o coordenada para prote\u00e7\u00e3o social \u00e0s crian\u00e7as e adolescentes acontece em Tr\u00eas Rios"},"content":{"rendered":"\n<p>Neste s\u00e1bado (10), a Prefeitura de Tr\u00eas Rios, atrav\u00e9s da Secretaria de Ordem P\u00fablica e Pol\u00edticas de Seguran\u00e7a, iniciou uma A\u00c7\u00c3O COORDENADA com objetivo de promover a correta PROTE\u00c7\u00c3O SOCIAL \u00c0S CRIAN\u00c7AS E ADOLESCENTES, em estado de vulnerabilidade na sociedade trirriense. A a\u00e7\u00e3o teve participa\u00e7\u00e3o conjunta das for\u00e7as de Seguran\u00e7a: Guarda Civil Municipal, Pol\u00edcia Militar, Seguran\u00e7a Presente, Pol\u00edcia Civil al\u00e9m do Conselho Tutelar e da Secretaria de Assist\u00eancia Social e Direitos Humanos.<\/p>\n\n\n\n<p>A a\u00e7\u00e3o, segue orienta\u00e7\u00e3o, do Minist\u00e9rio P\u00fablico, que j\u00e1 realizou duas reuni\u00f5es, em junho e agosto deste ano respectivamente, com todos os envolvidos.<\/p>\n\n\n\n<p>A data de hoje, n\u00e3o foi s\u00f3 marcada por esta a\u00e7\u00e3o coordenada, como tamb\u00e9m, a institui\u00e7\u00e3o do &#8220;GAECA&#8221; \u2014 Grupo de Atua\u00e7\u00e3o sobre o Estatuto da Crian\u00e7a e do Adolescente&#8221;, que ter\u00e1 a participa\u00e7\u00e3o efetiva, de todos os \u00f3rg\u00e3os, em concord\u00e2ncia com os mesmos.<\/p>\n\n\n\n<p>Nesta 1.\u00aa a\u00e7\u00e3o, 02 adolescentes foram encontrados em situa\u00e7\u00e3o de trabalho infantil irregular, e poss\u00edvel irresponsabilidade familiar quanto a sua seguran\u00e7a pessoal nas vias p\u00fablicas, pois ambos, estavam totalmente desacompanhados. Os adolescentes foram encaminhados ao Abrigo Municipal, para atendimento adequado e Conselho Tutelar.<\/p>\n\n\n\n<p>Al\u00e9m dos adolescentes, uma fam\u00edlia, com 02 adultos e 05 crian\u00e7as, em situa\u00e7\u00e3o quase de rua, com poss\u00edvel explora\u00e7\u00e3o de trabalho infantil sendo apurado, tamb\u00e9m foram encaminhados para o Abrigo Municipal. Vale ressaltar que os adultos desta fam\u00edlia, foram atendidos com alimenta\u00e7\u00e3o pela Guarda Municipal Cidad\u00e3o (GM Cidad\u00e3), projeto este, da Secretaria de Ordem P\u00fablica e Pol\u00edticas de Seguran\u00e7a.<\/p>\n","protected":false},"excerpt":{"rendered":"<p>Neste s\u00e1bado (10), a Prefeitura de Tr\u00eas Rios, atrav\u00e9s da Secretaria de Ordem P\u00fablica e<\/p>\n","protected":false},"author":2,"featured_media":43633,"comment_status":"open","ping_status":"open","sticky":false,"template":"","format":"standard","meta":{"footnotes":""},"categories":[19,17,15,13],"tags":[],"class_list":["post-43632","post","type-post","status-publish","format-standard","has-post-thumbnail","hentry","category-educacao","category-outras-noticias","category-politica","category-saude"],"_links":{"self":[{"href":"https:\/\/tvc16.com\/portal\/wp-json\/wp\/v2\/posts\/43632","targetHints":{"allow":["GET"]}}],"collection":[{"href":"https:\/\/tvc16.com\/portal\/wp-json\/wp\/v2\/posts"}],"about":[{"href":"https:\/\/tvc16.com\/portal\/wp-json\/wp\/v2\/types\/post"}],"author":[{"embeddable":true,"href":"https:\/\/tvc16.com\/portal\/wp-json\/wp\/v2\/users\/2"}],"replies":[{"embeddable":true,"href":"https:\/\/tvc16.com\/portal\/wp-json\/wp\/v2\/comments?post=43632"}],"version-history":[{"count":1,"href":"https:\/\/tvc16.com\/portal\/wp-json\/wp\/v2\/posts\/43632\/revisions"}],"predecessor-version":[{"id":43634,"href":"https:\/\/tvc16.com\/portal\/wp-json\/wp\/v2\/posts\/43632\/revisions\/43634"}],"wp:featuredmedia":[{"embeddable":true,"href":"https:\/\/tvc16.com\/portal\/wp-json\/wp\/v2\/media\/43633"}],"wp:attachment":[{"href":"https:\/\/tvc16.com\/portal\/wp-json\/wp\/v2\/media?parent=43632"}],"wp:term":[{"taxonomy":"category","embeddable":true,"href":"https:\/\/tvc16.com\/portal\/wp-json\/wp\/v2\/categories?post=43632"},{"taxonomy":"post_tag","embeddable":true,"href":"https:\/\/tvc16.com\/portal\/wp-json\/wp\/v2\/tags?post=43632"}],"curies":[{"name":"wp","href":"https:\/\/api.w.org\/{rel}","templated":true}]}}