{"id":43635,"date":"2022-09-11T17:30:00","date_gmt":"2022-09-11T20:30:00","guid":{"rendered":"https:\/\/tvc16.com\/portal\/?p=43635"},"modified":"2022-09-11T15:01:45","modified_gmt":"2022-09-11T18:01:45","slug":"o-prefeito-de-teresopolis-e-equipe-de-secretarios-conheceu-os-distritos-industriais-de-tres-rios","status":"publish","type":"post","link":"https:\/\/tvc16.com\/portal\/2022\/09\/11\/o-prefeito-de-teresopolis-e-equipe-de-secretarios-conheceu-os-distritos-industriais-de-tres-rios\/","title":{"rendered":"O prefeito de Teres\u00f3polis e equipe de secret\u00e1rios, conheceu os distritos industriais de Tr\u00eas Rios"},"content":{"rendered":"\n<p>Nesta sexta-feira (9) o diretor-presidente da Codetri, Arsonval Silveira Macedo Netto, juntamente com o diretor administrativo financeiro, Magno Siqueira, diretor operacional Jam Carlos e o secret\u00e1rio de Ind\u00fastria e Com\u00e9rcio, M\u00e1rcio Assis, representaram o prefeito Joa e recepcionaram o prefeito do munic\u00edpio de Teres\u00f3polis, Vin\u00edcius Claussen, que veio conhecer <a><\/a>de perto a Companhia de Desenvolvimento de Tr\u00eas Rios, para a implanta\u00e7\u00e3o da Codetere, que ir\u00e1 fomentar \u00e1reas industriais na cidade serrana.<\/p>\n\n\n\n<p>O prefeito de Teres\u00f3polis, Vin\u00edcius Claussen juntamente com sua equipe de secret\u00e1rios, conheceu os distritos industriais de Tr\u00eas Rios no Cantagalo e na Barrinha.<\/p>\n\n\n\n<p>\u201cPrimeiramente gostaria de agradecer a recep\u00e7\u00e3o de todos, estou saindo de Tr\u00eas Rios grato, onde o munic\u00edpio j\u00e1 avan\u00e7ou 16 anos com a Codetri, no desenvolvimento industrial. Teres\u00f3polis ir\u00e1 avan\u00e7ar nesse segmento contribuindo para desenvolvimento territorial e econ\u00f4mico de Teres\u00f3polis e, todo aprendizado e conhecimento que est\u00e3o sendo transferidos para a nossa cidade ir\u00e1 fazer total diferen\u00e7a nesse momento de reindustrializa\u00e7\u00e3o de Teres\u00f3polis, disse Vin\u00edcius Claussen, prefeito da cidade serrana.<\/p>\n\n\n\n<p>O diretor executivo da Codetri, Ansorval Silveira Macedo Neto, falou da satisfa\u00e7\u00e3o em receber o chefe do executivo de Teres\u00f3polis.<\/p>\n\n\n\n<p>\u201cEm nome do prefeito Joa, para n\u00f3s de Tr\u00eas Rios \u00e9 uma satisfa\u00e7\u00e3o poder ajudar no que for poss\u00edvel nessa nova fase da futura implanta\u00e7\u00e3o da Codetere, e junto com o secret\u00e1rio de Ind\u00fastria e Com\u00e9rcio, M\u00e1rcio Assis, vamos continuar mantendo contato com o prefeito Vin\u00edcius Claussen e toda a equipe, estamos \u00e0 disposi\u00e7\u00e3o e aproveito para parabeniz\u00e1-lo pelo empreendedorismo que ir\u00e1 gerar no munic\u00edpio serrano\u201d, finalizou Ansorval, diretor-presidente da Codetri.<\/p>\n","protected":false},"excerpt":{"rendered":"<p>Nesta sexta-feira (9) o diretor-presidente da Codetri, Arsonval Silveira Macedo Netto, juntamente com o diretor<\/p>\n","protected":false},"author":2,"featured_media":43636,"comment_status":"open","ping_status":"open","sticky":false,"template":"","format":"standard","meta":{"footnotes":""},"categories":[18,17,15],"tags":[],"class_list":["post-43635","post","type-post","status-publish","format-standard","has-post-thumbnail","hentry","category-economia","category-outras-noticias","category-politica"],"_links":{"self":[{"href":"https:\/\/tvc16.com\/portal\/wp-json\/wp\/v2\/posts\/43635","targetHints":{"allow":["GET"]}}],"collection":[{"href":"https:\/\/tvc16.com\/portal\/wp-json\/wp\/v2\/posts"}],"about":[{"href":"https:\/\/tvc16.com\/portal\/wp-json\/wp\/v2\/types\/post"}],"author":[{"embeddable":true,"href":"https:\/\/tvc16.com\/portal\/wp-json\/wp\/v2\/users\/2"}],"replies":[{"embeddable":true,"href":"https:\/\/tvc16.com\/portal\/wp-json\/wp\/v2\/comments?post=43635"}],"version-history":[{"count":1,"href":"https:\/\/tvc16.com\/portal\/wp-json\/wp\/v2\/posts\/43635\/revisions"}],"predecessor-version":[{"id":43637,"href":"https:\/\/tvc16.com\/portal\/wp-json\/wp\/v2\/posts\/43635\/revisions\/43637"}],"wp:featuredmedia":[{"embeddable":true,"href":"https:\/\/tvc16.com\/portal\/wp-json\/wp\/v2\/media\/43636"}],"wp:attachment":[{"href":"https:\/\/tvc16.com\/portal\/wp-json\/wp\/v2\/media?parent=43635"}],"wp:term":[{"taxonomy":"category","embeddable":true,"href":"https:\/\/tvc16.com\/portal\/wp-json\/wp\/v2\/categories?post=43635"},{"taxonomy":"post_tag","embeddable":true,"href":"https:\/\/tvc16.com\/portal\/wp-json\/wp\/v2\/tags?post=43635"}],"curies":[{"name":"wp","href":"https:\/\/api.w.org\/{rel}","templated":true}]}}