{"id":43638,"date":"2022-09-11T18:30:00","date_gmt":"2022-09-11T21:30:00","guid":{"rendered":"https:\/\/tvc16.com\/portal\/?p=43638"},"modified":"2022-09-11T15:20:15","modified_gmt":"2022-09-11T18:20:15","slug":"prefeitura-de-areal-participa-de-evento-green-rio","status":"publish","type":"post","link":"https:\/\/tvc16.com\/portal\/2022\/09\/11\/prefeitura-de-areal-participa-de-evento-green-rio\/","title":{"rendered":"Prefeitura de Areal participa de evento Green Rio"},"content":{"rendered":"\n<p>A Prefeitura Municipal de Areal, atrav\u00e9s da Secretaria de Meio Ambiente, Agricultura e Turismo, participou na \u00faltima quinta-feira (01\/09) do evento Green Rio, na cidade do Rio de Janeiro.<\/p>\n\n\n\n<p>O Green Rio \u00e9 um Importante evento para consolidar o Brasil como um pa\u00eds estrat\u00e9gico no cen\u00e1rio da bioeconomia mundial.<\/p>\n\n\n\n<p>A <a><\/a>Secretaria de Meio Ambiente disponibilizou transporte para os produtores rurais locais para participarem do evento, tendo acesso gratuitamente \u00e0s confer\u00eancias com palestrantes do Brasil e de outros pa\u00edses, al\u00e9m de conhecer outros produtores comprometidos com alimenta\u00e7\u00e3o saud\u00e1vel e desenvolvimento sustent\u00e1vel.<\/p>\n\n\n\n<p>\u201c O Green Rio \u00e9 uma plataforma para neg\u00f3cios, inova\u00e7\u00e3o e pesquisa em bioeconomia e economia verde. Esse networking com os nossos produtores \u00e9 fundamental para implementa\u00e7\u00e3o de novas t\u00e9cnicas e desenvolvimento sustent\u00e1vel.\u201d Disse o Prefeito Gutinho Bernardes.<\/p>\n","protected":false},"excerpt":{"rendered":"<p>A Prefeitura Municipal de Areal, atrav\u00e9s da Secretaria de Meio Ambiente, Agricultura e Turismo, participou<\/p>\n","protected":false},"author":2,"featured_media":43639,"comment_status":"open","ping_status":"open","sticky":false,"template":"","format":"standard","meta":{"footnotes":""},"categories":[18,19,17,15],"tags":[],"class_list":["post-43638","post","type-post","status-publish","format-standard","has-post-thumbnail","hentry","category-economia","category-educacao","category-outras-noticias","category-politica"],"_links":{"self":[{"href":"https:\/\/tvc16.com\/portal\/wp-json\/wp\/v2\/posts\/43638","targetHints":{"allow":["GET"]}}],"collection":[{"href":"https:\/\/tvc16.com\/portal\/wp-json\/wp\/v2\/posts"}],"about":[{"href":"https:\/\/tvc16.com\/portal\/wp-json\/wp\/v2\/types\/post"}],"author":[{"embeddable":true,"href":"https:\/\/tvc16.com\/portal\/wp-json\/wp\/v2\/users\/2"}],"replies":[{"embeddable":true,"href":"https:\/\/tvc16.com\/portal\/wp-json\/wp\/v2\/comments?post=43638"}],"version-history":[{"count":1,"href":"https:\/\/tvc16.com\/portal\/wp-json\/wp\/v2\/posts\/43638\/revisions"}],"predecessor-version":[{"id":43640,"href":"https:\/\/tvc16.com\/portal\/wp-json\/wp\/v2\/posts\/43638\/revisions\/43640"}],"wp:featuredmedia":[{"embeddable":true,"href":"https:\/\/tvc16.com\/portal\/wp-json\/wp\/v2\/media\/43639"}],"wp:attachment":[{"href":"https:\/\/tvc16.com\/portal\/wp-json\/wp\/v2\/media?parent=43638"}],"wp:term":[{"taxonomy":"category","embeddable":true,"href":"https:\/\/tvc16.com\/portal\/wp-json\/wp\/v2\/categories?post=43638"},{"taxonomy":"post_tag","embeddable":true,"href":"https:\/\/tvc16.com\/portal\/wp-json\/wp\/v2\/tags?post=43638"}],"curies":[{"name":"wp","href":"https:\/\/api.w.org\/{rel}","templated":true}]}}