{"id":43641,"date":"2022-09-11T19:25:00","date_gmt":"2022-09-11T22:25:00","guid":{"rendered":"https:\/\/tvc16.com\/portal\/?p=43641"},"modified":"2022-09-11T15:31:15","modified_gmt":"2022-09-11T18:31:15","slug":"o-programa-crianca-feliz-continua-beneficiando-as-criancas-de-paty-do-alferes","status":"publish","type":"post","link":"https:\/\/tvc16.com\/portal\/2022\/09\/11\/o-programa-crianca-feliz-continua-beneficiando-as-criancas-de-paty-do-alferes\/","title":{"rendered":"O Programa Crian\u00e7a Feliz continua beneficiando as crian\u00e7as de Paty do Alferes."},"content":{"rendered":"\n<p>A Secretaria de Desenvolvimento Social, Direitos Humanos e Habita\u00e7\u00e3o, atrav\u00e9s do Programa Crian\u00e7a Feliz, realizou diversas atividades durante todo o m\u00eas em alus\u00e3o ao Agosto Verde &#8211; M\u00eas da Primeira Inf\u00e2ncia.<\/p>\n\n\n\n<figure class=\"wp-block-image size-large\"><img loading=\"lazy\" decoding=\"async\" width=\"1024\" height=\"577\" src=\"https:\/\/tvc16.com\/portal\/wp-content\/uploads\/2022\/09\/paty-2-1024x577.jpg\" alt=\"\" class=\"wp-image-43643\" srcset=\"https:\/\/tvc16.com\/portal\/wp-content\/uploads\/2022\/09\/paty-2-1024x577.jpg 1024w, https:\/\/tvc16.com\/portal\/wp-content\/uploads\/2022\/09\/paty-2-300x169.jpg 300w, https:\/\/tvc16.com\/portal\/wp-content\/uploads\/2022\/09\/paty-2-768x433.jpg 768w, https:\/\/tvc16.com\/portal\/wp-content\/uploads\/2022\/09\/paty-2.jpg 1404w\" sizes=\"auto, (max-width: 1024px) 100vw, 1024px\" \/><\/figure>\n\n\n\n<p>No Centro Cultural foi realizado o encontro intersetorial e o segundo encontro de Gestantes.<\/p>\n\n\n\n<p>Os <a><\/a>eventos com as fam\u00edlias acompanhadas pelo Programa foram realizados nos bairros de Avelar, Acampamento e Centro.<\/p>\n\n\n\n<p>Foram dias de muita divers\u00e3o, conscientiza\u00e7\u00e3o e aprendizado.<\/p>\n\n\n\n<figure class=\"wp-block-image size-large\"><img loading=\"lazy\" decoding=\"async\" width=\"1024\" height=\"624\" src=\"https:\/\/tvc16.com\/portal\/wp-content\/uploads\/2022\/09\/paty-3-1024x624.jpg\" alt=\"\" class=\"wp-image-43644\" srcset=\"https:\/\/tvc16.com\/portal\/wp-content\/uploads\/2022\/09\/paty-3-1024x624.jpg 1024w, https:\/\/tvc16.com\/portal\/wp-content\/uploads\/2022\/09\/paty-3-300x183.jpg 300w, https:\/\/tvc16.com\/portal\/wp-content\/uploads\/2022\/09\/paty-3-768x468.jpg 768w, https:\/\/tvc16.com\/portal\/wp-content\/uploads\/2022\/09\/paty-3.jpg 1322w\" sizes=\"auto, (max-width: 1024px) 100vw, 1024px\" \/><\/figure>\n\n\n\n<p>O Programa Crian\u00e7a Feliz atende mais de 400 pessoas em Paty do Alferes de 32 bairros diferentes. Participam crian\u00e7as de 0 a 3 anos e Gestantes cadastradas no Cadastro \u00danico e, ainda, crian\u00e7as de 0 a 6 anos benefici\u00e1rias do Benef\u00edcio de Presta\u00e7\u00e3o Continuada.<\/p>\n","protected":false},"excerpt":{"rendered":"<p>A Secretaria de Desenvolvimento Social, Direitos Humanos e Habita\u00e7\u00e3o, atrav\u00e9s do Programa Crian\u00e7a Feliz, realizou<\/p>\n","protected":false},"author":2,"featured_media":43642,"comment_status":"open","ping_status":"open","sticky":false,"template":"","format":"standard","meta":{"footnotes":""},"categories":[21,19,17,13],"tags":[],"class_list":["post-43641","post","type-post","status-publish","format-standard","has-post-thumbnail","hentry","category-cultura","category-educacao","category-outras-noticias","category-saude"],"_links":{"self":[{"href":"https:\/\/tvc16.com\/portal\/wp-json\/wp\/v2\/posts\/43641","targetHints":{"allow":["GET"]}}],"collection":[{"href":"https:\/\/tvc16.com\/portal\/wp-json\/wp\/v2\/posts"}],"about":[{"href":"https:\/\/tvc16.com\/portal\/wp-json\/wp\/v2\/types\/post"}],"author":[{"embeddable":true,"href":"https:\/\/tvc16.com\/portal\/wp-json\/wp\/v2\/users\/2"}],"replies":[{"embeddable":true,"href":"https:\/\/tvc16.com\/portal\/wp-json\/wp\/v2\/comments?post=43641"}],"version-history":[{"count":1,"href":"https:\/\/tvc16.com\/portal\/wp-json\/wp\/v2\/posts\/43641\/revisions"}],"predecessor-version":[{"id":43645,"href":"https:\/\/tvc16.com\/portal\/wp-json\/wp\/v2\/posts\/43641\/revisions\/43645"}],"wp:featuredmedia":[{"embeddable":true,"href":"https:\/\/tvc16.com\/portal\/wp-json\/wp\/v2\/media\/43642"}],"wp:attachment":[{"href":"https:\/\/tvc16.com\/portal\/wp-json\/wp\/v2\/media?parent=43641"}],"wp:term":[{"taxonomy":"category","embeddable":true,"href":"https:\/\/tvc16.com\/portal\/wp-json\/wp\/v2\/categories?post=43641"},{"taxonomy":"post_tag","embeddable":true,"href":"https:\/\/tvc16.com\/portal\/wp-json\/wp\/v2\/tags?post=43641"}],"curies":[{"name":"wp","href":"https:\/\/api.w.org\/{rel}","templated":true}]}}