{"id":43646,"date":"2022-09-11T20:00:00","date_gmt":"2022-09-11T23:00:00","guid":{"rendered":"https:\/\/tvc16.com\/portal\/?p=43646"},"modified":"2022-09-11T15:50:58","modified_gmt":"2022-09-11T18:50:58","slug":"exposicao-no-senado-homenageia-os-200-anos-da-independencia-do-brasil","status":"publish","type":"post","link":"https:\/\/tvc16.com\/portal\/2022\/09\/11\/exposicao-no-senado-homenageia-os-200-anos-da-independencia-do-brasil\/","title":{"rendered":"Exposi\u00e7\u00e3o no Senado homenageia os 200 anos da Independ\u00eancia do Brasil"},"content":{"rendered":"\n<p>Desvendar um caminho pr\u00f3prio para repensar o processo da independ\u00eancia brasileira a partir das a\u00e7\u00f5es do Parlamento \u00e9 o objetivo da exposi\u00e7\u00e3o 200 Anos de Cidadania: O Povo e o Parlamento.<\/p>\n\n\n\n<figure class=\"wp-block-image size-full\"><img loading=\"lazy\" decoding=\"async\" width=\"474\" height=\"314\" src=\"https:\/\/tvc16.com\/portal\/wp-content\/uploads\/2022\/09\/OIP.jpg\" alt=\"\" class=\"wp-image-43648\" srcset=\"https:\/\/tvc16.com\/portal\/wp-content\/uploads\/2022\/09\/OIP.jpg 474w, https:\/\/tvc16.com\/portal\/wp-content\/uploads\/2022\/09\/OIP-300x199.jpg 300w\" sizes=\"auto, (max-width: 474px) 100vw, 474px\" \/><\/figure>\n\n\n\n<p>Organizada pelo Museu do Senado em parceria com o Centro Cultural da C\u00e2mara dos Deputados, a mostra percorre os caminhos da Independ\u00eancia e retrata a evolu\u00e7\u00e3o dos direitos sociais, coletivos, civis, pol\u00edticos e \u00e9tnico-raciais, perpassando pelas conquistas legislativas mais recentes, dentre elas, as das pessoas com defici\u00eancia (PcDs), crian\u00e7as, jovens e idosos bem como integrantes da comunidade LGBTQIA+.<\/p>\n\n\n\n<p>O acervo re\u00fane r\u00e9plicas da Carta de 1824 e das demais seis Constitui\u00e7\u00f5es brasileiras, todas ser\u00e3o disponibilizadas para manuseio pelos visitantes. Al\u00e9m de v\u00eddeos com entrevistas de historiadores e lideran\u00e7as de diferentes segmentos da sociedade, segundo o curador da exposi\u00e7\u00e3o, Sylvio Costa. Como o dinheiro foi um elemento importante na constru\u00e7\u00e3o social do nosso pa\u00eds, c\u00e9dulas e moedas hist\u00f3ricas \u2013 cedidas pelo Museu de Valores do Banco Central &#8211; tamb\u00e9m estar\u00e3o dispon\u00edveis na visita\u00e7\u00e3o.<\/p>\n\n\n\n<p>A exposi\u00e7\u00e3o foi inaugurada pelo presidente do Congresso, Rodrigo Pacheco (PSD-MG), e estar\u00e1 aberta para visita\u00e7\u00e3o de hoje (10) ao dia 1\u00ba de dezembro, no Sal\u00e3o Negro do Congresso Nacional. Os hor\u00e1rios de visita\u00e7\u00e3o s\u00e3o das 9h \u00e0s 12h e das 13h \u00e0s 18h, de segunda \u00e0 sexta, e das 9h \u00e0s 17h aos s\u00e1bados e domingos. A entrada \u00e9 franca.<\/p>\n\n\n\n<p>Fonte ag\u00eancia Brasil<\/p>\n","protected":false},"excerpt":{"rendered":"<p>Desvendar um caminho pr\u00f3prio para repensar o processo da independ\u00eancia brasileira a partir das a\u00e7\u00f5es<\/p>\n","protected":false},"author":2,"featured_media":43647,"comment_status":"open","ping_status":"open","sticky":false,"template":"","format":"standard","meta":{"footnotes":""},"categories":[21,264,17,14],"tags":[],"class_list":["post-43646","post","type-post","status-publish","format-standard","has-post-thumbnail","hentry","category-cultura","category-destaque","category-outras-noticias","category-pais"],"_links":{"self":[{"href":"https:\/\/tvc16.com\/portal\/wp-json\/wp\/v2\/posts\/43646","targetHints":{"allow":["GET"]}}],"collection":[{"href":"https:\/\/tvc16.com\/portal\/wp-json\/wp\/v2\/posts"}],"about":[{"href":"https:\/\/tvc16.com\/portal\/wp-json\/wp\/v2\/types\/post"}],"author":[{"embeddable":true,"href":"https:\/\/tvc16.com\/portal\/wp-json\/wp\/v2\/users\/2"}],"replies":[{"embeddable":true,"href":"https:\/\/tvc16.com\/portal\/wp-json\/wp\/v2\/comments?post=43646"}],"version-history":[{"count":1,"href":"https:\/\/tvc16.com\/portal\/wp-json\/wp\/v2\/posts\/43646\/revisions"}],"predecessor-version":[{"id":43649,"href":"https:\/\/tvc16.com\/portal\/wp-json\/wp\/v2\/posts\/43646\/revisions\/43649"}],"wp:featuredmedia":[{"embeddable":true,"href":"https:\/\/tvc16.com\/portal\/wp-json\/wp\/v2\/media\/43647"}],"wp:attachment":[{"href":"https:\/\/tvc16.com\/portal\/wp-json\/wp\/v2\/media?parent=43646"}],"wp:term":[{"taxonomy":"category","embeddable":true,"href":"https:\/\/tvc16.com\/portal\/wp-json\/wp\/v2\/categories?post=43646"},{"taxonomy":"post_tag","embeddable":true,"href":"https:\/\/tvc16.com\/portal\/wp-json\/wp\/v2\/tags?post=43646"}],"curies":[{"name":"wp","href":"https:\/\/api.w.org\/{rel}","templated":true}]}}