{"id":43657,"date":"2022-09-11T19:20:25","date_gmt":"2022-09-11T22:20:25","guid":{"rendered":"https:\/\/tvc16.com\/portal\/?p=43657"},"modified":"2022-09-11T19:20:26","modified_gmt":"2022-09-11T22:20:26","slug":"policiais-militares-de-petropolis-prendem-um-homem-por-trafico-de-drogas-no-espirito-santo","status":"publish","type":"post","link":"https:\/\/tvc16.com\/portal\/2022\/09\/11\/policiais-militares-de-petropolis-prendem-um-homem-por-trafico-de-drogas-no-espirito-santo\/","title":{"rendered":"Policiais Militares de Petr\u00f3polis prendem um homem por tr\u00e1fico de Drogas no Esp\u00edrito Santo"},"content":{"rendered":"\n<p>Na tarde deste Domingo, 11\/09, Policiais Militares do Servi\u00e7o Reservado(P\/2) do 26\u00ba BPM detiveram um homem por tr\u00e1fico de drogas na Rua Esp\u00edrito Santo localizada no Quitandinha. Na ocasi\u00e3o os Militares foram at\u00e9 o local para verificar uma den\u00fancia de tr\u00e1fico de drogas, ao chegarem no local foi poss\u00edvel observar toda a movimenta\u00e7\u00e3o do tr\u00e1fico e em momento oportuno procederam em abordagem a dois homens que estavam no local, um deles estava com uma trouxinha de Maconha e informou que teria comprado do segundo indiv\u00edduo, que em posse deste indiv\u00edduo foi arrecadado uma sacola pl\u00e1stica contendo 39 pedras de Crack, 07 capsulas de Coca\u00edna e R$108,00 provenientes da venda de drogas.<\/p>\n\n\n\n<p>Material apreendido:<\/p>\n\n\n\n<ul class=\"wp-block-list\"><li>07 C\u00e1psulas de Coca\u00edna;<\/li><li>39 Pedras de Crack;<\/li><li>R$108,00.<\/li><\/ul>\n\n\n\n<p>A ocorr\u00eancia foi apresentada na 106\u00aa DP onde o acusado em posse da maconha foi autuado por posse e uso de drogas e o homem que estava em posse da sacola foi autuado pelo crime de tr\u00e1fico de drogas conforme prev\u00ea o Art.33 da Lei 11.343\/06, permanecendo preso em flagrante.<\/p>\n\n\n\n<p>Den\u00fancias podem ser feitas pelo n\u00famero: Whastapp (24)99324-5499 ou (24)2291-5071.  O sigilo \u00e9 garantido.<\/p>\n","protected":false},"excerpt":{"rendered":"<p>Na tarde deste Domingo, 11\/09, Policiais Militares do Servi\u00e7o Reservado(P\/2) do 26\u00ba BPM detiveram um<\/p>\n","protected":false},"author":2,"featured_media":43658,"comment_status":"open","ping_status":"open","sticky":false,"template":"","format":"standard","meta":{"footnotes":""},"categories":[12,264],"tags":[],"class_list":["post-43657","post","type-post","status-publish","format-standard","has-post-thumbnail","hentry","category-cidade","category-destaque"],"_links":{"self":[{"href":"https:\/\/tvc16.com\/portal\/wp-json\/wp\/v2\/posts\/43657","targetHints":{"allow":["GET"]}}],"collection":[{"href":"https:\/\/tvc16.com\/portal\/wp-json\/wp\/v2\/posts"}],"about":[{"href":"https:\/\/tvc16.com\/portal\/wp-json\/wp\/v2\/types\/post"}],"author":[{"embeddable":true,"href":"https:\/\/tvc16.com\/portal\/wp-json\/wp\/v2\/users\/2"}],"replies":[{"embeddable":true,"href":"https:\/\/tvc16.com\/portal\/wp-json\/wp\/v2\/comments?post=43657"}],"version-history":[{"count":1,"href":"https:\/\/tvc16.com\/portal\/wp-json\/wp\/v2\/posts\/43657\/revisions"}],"predecessor-version":[{"id":43659,"href":"https:\/\/tvc16.com\/portal\/wp-json\/wp\/v2\/posts\/43657\/revisions\/43659"}],"wp:featuredmedia":[{"embeddable":true,"href":"https:\/\/tvc16.com\/portal\/wp-json\/wp\/v2\/media\/43658"}],"wp:attachment":[{"href":"https:\/\/tvc16.com\/portal\/wp-json\/wp\/v2\/media?parent=43657"}],"wp:term":[{"taxonomy":"category","embeddable":true,"href":"https:\/\/tvc16.com\/portal\/wp-json\/wp\/v2\/categories?post=43657"},{"taxonomy":"post_tag","embeddable":true,"href":"https:\/\/tvc16.com\/portal\/wp-json\/wp\/v2\/tags?post=43657"}],"curies":[{"name":"wp","href":"https:\/\/api.w.org\/{rel}","templated":true}]}}