{"id":43660,"date":"2022-09-11T20:45:00","date_gmt":"2022-09-11T23:45:00","guid":{"rendered":"https:\/\/tvc16.com\/portal\/?p=43660"},"modified":"2022-09-11T19:42:23","modified_gmt":"2022-09-11T22:42:23","slug":"eleicoes-2022-desistencias-de-candidaturas-superam-as-de-2018","status":"publish","type":"post","link":"https:\/\/tvc16.com\/portal\/2022\/09\/11\/eleicoes-2022-desistencias-de-candidaturas-superam-as-de-2018\/","title":{"rendered":"Elei\u00e7\u00f5es 2022: desist\u00eancias de candidaturas superam as de 2018"},"content":{"rendered":"\n<p>A um dia do prazo para que a Justi\u00e7a Eleitoral julgue todos os registros de candidatura, o n\u00famero de candidatos que desistiram da disputa nas Elei\u00e7\u00f5es 2022 chegou a 799, superando a quantidade de desistentes nas elei\u00e7\u00f5es gerais de 2018, quando 770 candidatos abandonaram a campanha.<\/p>\n\n\n\n<p>As desist\u00eancias deste ano representam 25,3% de todos as candidaturas consideradas ineptas. At\u00e9 o momento, 876 (51,35%) tiveram o pedido de registro negado pela Justi\u00e7a Eleitoral por n\u00e3o atenderem aos crit\u00e9rios da legisla\u00e7\u00e3o eleitoral ou apresentarem algum impedimento, incluindo os previstos da Lei da Ficha Limpa. <\/p>\n\n\n\n<p>S\u00e3o os casos, por exemplo, das duas candidaturas \u00e0 Presid\u00eancia da Rep\u00fablica negadas at\u00e9 o momento: a de Pablo Mar\u00e7al, que pretendia concorrer pelo Pros, mas n\u00e3o comprovou o apoio partid\u00e1rio necess\u00e1rio; e Roberto Jefferson, presidente nacional do PTB, que foi enquadrado na Lei da Ficha Limpa por sua condena\u00e7\u00e3o no caso do Mensal\u00e3o.<\/p>\n\n\n\n<p>Outro motivo para uma candidatura ser considerada inapta \u00e9 quando o registro foi cancelado pelo partido, o que ocorreu 13 vezes at\u00e9 o momento. \u00c9 poss\u00edvel ainda que o pedido sequer seja conhecido pela Justi\u00e7a Eleitoral, em geral devido alguma irregularidade formal que impede seu julgamento. Neste ano, esse foi o caso de 15 registros.<\/p>\n\n\n\n<p>H\u00e1 ainda as situa\u00e7\u00f5es em que houve morte de candidato. Desde o in\u00edcio da campanha, tr\u00eas candidatos \u00e0s elei\u00e7\u00f5es deste ano morreram. Todos disputavam uma vaga de deputado federal.<\/p>\n\n\n\n<p>S\u00e3o eles o empres\u00e1rio Ilson Baiano (Solidariedade-BA), que morreu de causas naturais n\u00e3o declaradas; o aposentado Adair Ferreira de Souza (Patriota-RO), que teve um ataque card\u00edaco; e o advogado Antonio Weck (PSC-RS), que morreu em acidente de tr\u00e2nsito na BR-116.<\/p>\n\n\n\n<p>Em todos os casos \u2013 seja por indeferimento, cancelamento, n\u00e3o conhecimento ou morte \u2013 o partido ou federa\u00e7\u00e3o correspondente tem at\u00e9 10 dias corridos para apresentar um substituto.<\/p>\n\n\n\n<h2 class=\"wp-block-heading\">N\u00fameros consolidados<\/h2>\n\n\n\n<p>Os n\u00fameros finais ainda devem ser consolidados pelo Tribunal Superior Eleitoral (TSE), que atualiza os dados ao menos tr\u00eas vezes ao dia. De acordo com a atualiza\u00e7\u00e3o mais recente, \u00e0s 14h deste domingo (11), ainda h\u00e1, por exemplo, 2.515 candidaturas aguardando julgamento.<\/p>\n\n\n\n<p>Neste ano, h\u00e1 um recorde de pedidos de registro de candidatura em elei\u00e7\u00f5es gerais, que chegou 29.163. Desses, a Justi\u00e7a Eleitoral j\u00e1 deferiu ao menos 24.440.<\/p>\n\n\n\n<p>O prazo para que a Justi\u00e7a Eleitoral julgue todos os pedidos se encerra amanh\u00e3 (12), incluindo recursos. N\u00e3o raro, por\u00e9m, esse prazo pode ser extrapolado em situa\u00e7\u00f5es complexas, em que o candidato pode inclusive recorrer \u00e0 Justi\u00e7a comum para garantir seu nome na urna, nas chamadas candidaturas sub judice, ou seja, com pend\u00eancias judiciais.<\/p>\n\n\n\n<p>Fonte: Ag\u00eancia Brasil &#8211; <em>Edi\u00e7\u00e3o: Fernando Fraga<\/em><\/p>\n","protected":false},"excerpt":{"rendered":"<p>A um dia do prazo para que a Justi\u00e7a Eleitoral julgue todos os registros de<\/p>\n","protected":false},"author":2,"featured_media":43661,"comment_status":"open","ping_status":"open","sticky":false,"template":"","format":"standard","meta":{"footnotes":""},"categories":[264,17,14,15],"tags":[],"class_list":["post-43660","post","type-post","status-publish","format-standard","has-post-thumbnail","hentry","category-destaque","category-outras-noticias","category-pais","category-politica"],"_links":{"self":[{"href":"https:\/\/tvc16.com\/portal\/wp-json\/wp\/v2\/posts\/43660","targetHints":{"allow":["GET"]}}],"collection":[{"href":"https:\/\/tvc16.com\/portal\/wp-json\/wp\/v2\/posts"}],"about":[{"href":"https:\/\/tvc16.com\/portal\/wp-json\/wp\/v2\/types\/post"}],"author":[{"embeddable":true,"href":"https:\/\/tvc16.com\/portal\/wp-json\/wp\/v2\/users\/2"}],"replies":[{"embeddable":true,"href":"https:\/\/tvc16.com\/portal\/wp-json\/wp\/v2\/comments?post=43660"}],"version-history":[{"count":1,"href":"https:\/\/tvc16.com\/portal\/wp-json\/wp\/v2\/posts\/43660\/revisions"}],"predecessor-version":[{"id":43662,"href":"https:\/\/tvc16.com\/portal\/wp-json\/wp\/v2\/posts\/43660\/revisions\/43662"}],"wp:featuredmedia":[{"embeddable":true,"href":"https:\/\/tvc16.com\/portal\/wp-json\/wp\/v2\/media\/43661"}],"wp:attachment":[{"href":"https:\/\/tvc16.com\/portal\/wp-json\/wp\/v2\/media?parent=43660"}],"wp:term":[{"taxonomy":"category","embeddable":true,"href":"https:\/\/tvc16.com\/portal\/wp-json\/wp\/v2\/categories?post=43660"},{"taxonomy":"post_tag","embeddable":true,"href":"https:\/\/tvc16.com\/portal\/wp-json\/wp\/v2\/tags?post=43660"}],"curies":[{"name":"wp","href":"https:\/\/api.w.org\/{rel}","templated":true}]}}