{"id":43673,"date":"2022-09-12T11:00:00","date_gmt":"2022-09-12T14:00:00","guid":{"rendered":"https:\/\/tvc16.com\/portal\/?p=43673"},"modified":"2022-09-12T10:45:41","modified_gmt":"2022-09-12T13:45:41","slug":"serratec-business-reune-empresarios-da-regiao-interessados-em-ti","status":"publish","type":"post","link":"https:\/\/tvc16.com\/portal\/2022\/09\/12\/serratec-business-reune-empresarios-da-regiao-interessados-em-ti\/","title":{"rendered":"Serratec Business re\u00fane empres\u00e1rios da regi\u00e3o interessados em TI"},"content":{"rendered":"\n<p>Evento contar\u00e1 com palestras de educa\u00e7\u00e3o executiva e pitches de empresas de tecnologia associadas ao Serratec<\/p>\n\n\n\n<p>No pr\u00f3ximo dia 14 de setembro, quarta-feiradas 8h30 \u00e0s 11h, o Serratec Business reunir\u00e1 empres\u00e1rios e profissionais do setor de tecnologia e inova\u00e7\u00e3o da Regi\u00e3o Serrana, mais uma vez. O evento promovido pelo Serratec &#8211; Parque Tecnol\u00f3gico da Regi\u00e3o Serrana, tem como objetivo principal promover networking e educa\u00e7\u00e3o executiva para acelera\u00e7\u00e3o de neg\u00f3cios na nossa Regi\u00e3o.<\/p>\n\n\n\n<p>A educa\u00e7\u00e3o executiva est\u00e1 nesta edi\u00e7\u00e3o de setembro com a palestra &#8220;Blockchain&#8221;, relacionada \u00e0 criptografia de dados, e que ser\u00e1 ministrada por Lucimar Cunha e Bruno Guingo, ambos CEOs da empresa Quipo Tech. O LAB\u00b4s da Universidade Est\u00e1cio de S\u00e1 vai apresentar o &#8220;Futuro da Arquitetura e Engenharia e seus processos tecnol\u00f3gicos em projetos aplicados&#8221;, com Maur\u00edcio Pimenta, Laura Vidal e Tatiane Zanetti. Al\u00e9m disso, os participantes poder\u00e3o assistir a pitches (apresenta\u00e7\u00e3o de curta dura\u00e7\u00e3o), de duas das empresas associadas ao Serratec e suas atua\u00e7\u00f5es no mercado.<\/p>\n\n\n\n<p>O evento acontece no audit\u00f3rio do Serratec, em Petr\u00f3polis, e tem vagas limitadas. As inscri\u00e7\u00f5es s\u00e3o gratuitas e devem ser feitas atrav\u00e9s do link https:\/\/www.sympla.com.br\/serratec-business&#8212;edicao-setembro-2022__1705495<\/p>\n\n\n\n<p>SERVI\u00c7O:<\/p>\n\n\n\n<p>Serratec Business<br>Data: 14\/09\/2022<br>Hor\u00e1rio: 8h30 \u00e0s 11h<br>Local: Serratec (audit\u00f3rio) Rua Afr\u00e2nio Melo Franco, 333, Quitandinha, Petr\u00f3polis-RJ.<br>Inscri\u00e7\u00f5es gratuitas pelo: https:\/\/www.sympla.com.br\/serratec-business&#8212;edicao-setembro-2022__1705495<\/p>\n\n\n\n<p><\/p>\n","protected":false},"excerpt":{"rendered":"<p>Evento contar\u00e1 com palestras de educa\u00e7\u00e3o executiva e pitches de empresas de tecnologia associadas ao<\/p>\n","protected":false},"author":2,"featured_media":43674,"comment_status":"open","ping_status":"open","sticky":false,"template":"","format":"standard","meta":{"footnotes":""},"categories":[12,21,19],"tags":[],"class_list":["post-43673","post","type-post","status-publish","format-standard","has-post-thumbnail","hentry","category-cidade","category-cultura","category-educacao"],"_links":{"self":[{"href":"https:\/\/tvc16.com\/portal\/wp-json\/wp\/v2\/posts\/43673","targetHints":{"allow":["GET"]}}],"collection":[{"href":"https:\/\/tvc16.com\/portal\/wp-json\/wp\/v2\/posts"}],"about":[{"href":"https:\/\/tvc16.com\/portal\/wp-json\/wp\/v2\/types\/post"}],"author":[{"embeddable":true,"href":"https:\/\/tvc16.com\/portal\/wp-json\/wp\/v2\/users\/2"}],"replies":[{"embeddable":true,"href":"https:\/\/tvc16.com\/portal\/wp-json\/wp\/v2\/comments?post=43673"}],"version-history":[{"count":1,"href":"https:\/\/tvc16.com\/portal\/wp-json\/wp\/v2\/posts\/43673\/revisions"}],"predecessor-version":[{"id":43675,"href":"https:\/\/tvc16.com\/portal\/wp-json\/wp\/v2\/posts\/43673\/revisions\/43675"}],"wp:featuredmedia":[{"embeddable":true,"href":"https:\/\/tvc16.com\/portal\/wp-json\/wp\/v2\/media\/43674"}],"wp:attachment":[{"href":"https:\/\/tvc16.com\/portal\/wp-json\/wp\/v2\/media?parent=43673"}],"wp:term":[{"taxonomy":"category","embeddable":true,"href":"https:\/\/tvc16.com\/portal\/wp-json\/wp\/v2\/categories?post=43673"},{"taxonomy":"post_tag","embeddable":true,"href":"https:\/\/tvc16.com\/portal\/wp-json\/wp\/v2\/tags?post=43673"}],"curies":[{"name":"wp","href":"https:\/\/api.w.org\/{rel}","templated":true}]}}