{"id":43676,"date":"2022-09-12T12:00:00","date_gmt":"2022-09-12T15:00:00","guid":{"rendered":"https:\/\/tvc16.com\/portal\/?p=43676"},"modified":"2022-09-12T10:51:20","modified_gmt":"2022-09-12T13:51:20","slug":"mais-de-150-ruas-receberam-os-servicos-da-comdep-na-ultima-semana","status":"publish","type":"post","link":"https:\/\/tvc16.com\/portal\/2022\/09\/12\/mais-de-150-ruas-receberam-os-servicos-da-comdep-na-ultima-semana\/","title":{"rendered":"Mais de 150 ruas receberam os servi\u00e7os da Comdep na \u00faltima semana"},"content":{"rendered":"\n<p>A Companhia Municipal de Desenvolvimento (Comdep), segue atuando em v\u00e1rias frentes no trabalho de manuten\u00e7\u00e3o e cuidado com a cidade. Na \u00faltima semana, mais de 150 ruas receberam os servi\u00e7os da Companhia. Mais de 60 ruas receberam os servi\u00e7os de varri\u00e7\u00e3o, capina, ro\u00e7ada e pintura de postes. As equipes tamb\u00e9m realizaram a poda das \u00e1rvores em seis bairros.<\/p>\n\n\n\n<figure class=\"wp-block-gallery has-nested-images columns-default is-cropped wp-block-gallery-1 is-layout-flex wp-block-gallery-is-layout-flex\">\n<figure class=\"wp-block-image size-large\"><img loading=\"lazy\" decoding=\"async\" width=\"1024\" height=\"576\" data-id=\"43678\" src=\"https:\/\/tvc16.com\/portal\/wp-content\/uploads\/2022\/09\/WhatsApp-Image-2022-09-12-at-10.11.35-1024x576.jpeg\" alt=\"\" class=\"wp-image-43678\" srcset=\"https:\/\/tvc16.com\/portal\/wp-content\/uploads\/2022\/09\/WhatsApp-Image-2022-09-12-at-10.11.35-1024x576.jpeg 1024w, https:\/\/tvc16.com\/portal\/wp-content\/uploads\/2022\/09\/WhatsApp-Image-2022-09-12-at-10.11.35-300x169.jpeg 300w, https:\/\/tvc16.com\/portal\/wp-content\/uploads\/2022\/09\/WhatsApp-Image-2022-09-12-at-10.11.35-768x432.jpeg 768w, https:\/\/tvc16.com\/portal\/wp-content\/uploads\/2022\/09\/WhatsApp-Image-2022-09-12-at-10.11.35-1536x864.jpeg 1536w, https:\/\/tvc16.com\/portal\/wp-content\/uploads\/2022\/09\/WhatsApp-Image-2022-09-12-at-10.11.35.jpeg 1599w\" sizes=\"auto, (max-width: 1024px) 100vw, 1024px\" \/><\/figure>\n<\/figure>\n\n\n\n<p>Al\u00e9m disso, a Companhia est\u00e1 intensificando o trabalho de manuten\u00e7\u00e3o e revitaliza\u00e7\u00e3o dos parques e jardins do munic\u00edpio. Mais de 20 locais receberam interven\u00e7\u00f5es na \u00faltima semana. A Comdep tamb\u00e9m est\u00e1 trabalhando na recupera\u00e7\u00e3o do tradicional Rel\u00f3gio das Flores.<\/p>\n\n\n\n<figure class=\"wp-block-image size-full\"><img loading=\"lazy\" decoding=\"async\" width=\"543\" height=\"638\" src=\"https:\/\/tvc16.com\/portal\/wp-content\/uploads\/2022\/09\/WhatsApp-Image-2022-09-12-at-10.11.50.jpeg\" alt=\"\" class=\"wp-image-43679\" srcset=\"https:\/\/tvc16.com\/portal\/wp-content\/uploads\/2022\/09\/WhatsApp-Image-2022-09-12-at-10.11.50.jpeg 543w, https:\/\/tvc16.com\/portal\/wp-content\/uploads\/2022\/09\/WhatsApp-Image-2022-09-12-at-10.11.50-255x300.jpeg 255w\" sizes=\"auto, (max-width: 543px) 100vw, 543px\" \/><\/figure>\n\n\n\n<p>Outro trabalho que vem ocorrendo na cidade \u00e9 a limpeza e desobstru\u00e7\u00e3o de bueiros, que \u00e9 feito tanto de forma manual quanto com aux\u00edlio de um caminh\u00e3o sugador. A opera\u00e7\u00e3o \u00e9 realizada em conjunto entre a Comdep e a Secretaria de Obras do munic\u00edpio. As equipes j\u00e1 realizaram a limpeza de mais de dois mil bueiros desde as fortes chuvas que atingiram a cidade em 15 de fevereiro e 20 de mar\u00e7o.<\/p>\n\n\n\n<figure class=\"wp-block-gallery has-nested-images columns-default is-cropped wp-block-gallery-2 is-layout-flex wp-block-gallery-is-layout-flex\">\n<figure class=\"wp-block-image size-large\"><img loading=\"lazy\" decoding=\"async\" width=\"768\" height=\"1024\" data-id=\"43680\" src=\"https:\/\/tvc16.com\/portal\/wp-content\/uploads\/2022\/09\/WhatsApp-Image-2022-09-12-at-10.11.50-1-768x1024.jpeg\" alt=\"\" class=\"wp-image-43680\" srcset=\"https:\/\/tvc16.com\/portal\/wp-content\/uploads\/2022\/09\/WhatsApp-Image-2022-09-12-at-10.11.50-1-768x1024.jpeg 768w, https:\/\/tvc16.com\/portal\/wp-content\/uploads\/2022\/09\/WhatsApp-Image-2022-09-12-at-10.11.50-1-225x300.jpeg 225w, https:\/\/tvc16.com\/portal\/wp-content\/uploads\/2022\/09\/WhatsApp-Image-2022-09-12-at-10.11.50-1-1152x1536.jpeg 1152w, https:\/\/tvc16.com\/portal\/wp-content\/uploads\/2022\/09\/WhatsApp-Image-2022-09-12-at-10.11.50-1.jpeg 1200w\" sizes=\"auto, (max-width: 768px) 100vw, 768px\" \/><\/figure>\n<\/figure>\n\n\n\n<p>\u201cA prefeitura tem atuado incansavelmente nas a\u00e7\u00f5es de manuten\u00e7\u00e3o, recupera\u00e7\u00e3o e cuidado com a cidade. Estamos avan\u00e7ando muito, e vamos continuar atuando de forma intersetorial, buscando cada vez mais celeridade nos trabalhos\u201d, destacou o prefeito Rubens Bomtempo.<\/p>\n\n\n\n<p><strong>Rel\u00f3gio das Flores<\/strong><br>A Comdep iniciou a recupera\u00e7\u00e3o e revitaliza\u00e7\u00e3o do tradicional Rel\u00f3gio das Flores. \u201cEstamos fazendo o conserto e manuten\u00e7\u00e3o necess\u00e1ria, al\u00e9m da revitaliza\u00e7\u00e3o do jardim e plantio das flores. Nosso objetivo \u00e9 devolver o atrativo cuidado, bonito e funcionando para a popula\u00e7\u00e3o e turistas nos pr\u00f3ximos dias\u201d, explicou Cedenyr Vieira, presidente da Comdep.<\/p>\n\n\n\n<p><strong>Plantio de flores<\/strong><br>A Comdep tamb\u00e9m est\u00e1 intensificando o trabalho de paisagismo em diversas regi\u00f5es do munic\u00edpio, incluindo pra\u00e7as, parques, pontos tur\u00edsticos, canteiros e ilhas de ruas e avenidas da cidade, com o objetivo e proporcionar espa\u00e7os p\u00fablicos mais floridos, arborizados e perfumados para moradores e visitantes. \u201cMais de 12 mil mudas j\u00e1 foram plantadas pela nossa equipe de paisagismo em v\u00e1rios pontos da cidade. Estamos trabalhando para deixar a cidade mais bonita e colorida\u201d, enfatizou Cedenyr.<\/p>\n\n\n\n<p><strong>Poda de \u00e1rvores<\/strong><br>Respons\u00e1vel pelo manejo arb\u00f3reo do munic\u00edpio, a Comdep segue trabalhando nas opera\u00e7\u00f5es de poda de \u00e1rvores na cidade. Na \u00faltima semana, as equipes realizaram a poda das \u00e1rvores em seis bairros do munic\u00edpio. A Companhia prioriza os locais onde os galhos est\u00e3o em conflito com fachadas, com a ilumina\u00e7\u00e3o p\u00fablica, sinaliza\u00e7\u00e3o, ou com risco de queda. Quando as \u00e1rvores est\u00e3o afetando a rede el\u00e9trica, a Comdep atua com o apoio da Enel. As interven\u00e7\u00f5es tamb\u00e9m ocorrem quando \u00e9 identificado qualquer problema relacionado a pragas.<\/p>\n\n\n\n<p>\u201cLevamos em considera\u00e7\u00e3o as condi\u00e7\u00f5es das \u00e1rvores que podem gerar acidentes nas \u00e1reas onde h\u00e1 grande circula\u00e7\u00e3o de pessoas e ve\u00edculos. Nosso objetivo \u00e9 eliminar o cen\u00e1rio de risco\u201d, destacou Bomtempo.<\/p>\n\n\n\n<p>Nos locais com grande movimenta\u00e7\u00e3o, as equipes realizam as interven\u00e7\u00f5es nos finais de semana, com o objetivo de minimizar o impacto na mobilidade urbana.<\/p>\n","protected":false},"excerpt":{"rendered":"<p>A Companhia Municipal de Desenvolvimento (Comdep), segue atuando em v\u00e1rias frentes no trabalho de manuten\u00e7\u00e3o<\/p>\n","protected":false},"author":2,"featured_media":43677,"comment_status":"open","ping_status":"open","sticky":true,"template":"","format":"standard","meta":{"footnotes":""},"categories":[12,15],"tags":[],"class_list":["post-43676","post","type-post","status-publish","format-standard","has-post-thumbnail","hentry","category-cidade","category-politica"],"_links":{"self":[{"href":"https:\/\/tvc16.com\/portal\/wp-json\/wp\/v2\/posts\/43676","targetHints":{"allow":["GET"]}}],"collection":[{"href":"https:\/\/tvc16.com\/portal\/wp-json\/wp\/v2\/posts"}],"about":[{"href":"https:\/\/tvc16.com\/portal\/wp-json\/wp\/v2\/types\/post"}],"author":[{"embeddable":true,"href":"https:\/\/tvc16.com\/portal\/wp-json\/wp\/v2\/users\/2"}],"replies":[{"embeddable":true,"href":"https:\/\/tvc16.com\/portal\/wp-json\/wp\/v2\/comments?post=43676"}],"version-history":[{"count":1,"href":"https:\/\/tvc16.com\/portal\/wp-json\/wp\/v2\/posts\/43676\/revisions"}],"predecessor-version":[{"id":43681,"href":"https:\/\/tvc16.com\/portal\/wp-json\/wp\/v2\/posts\/43676\/revisions\/43681"}],"wp:featuredmedia":[{"embeddable":true,"href":"https:\/\/tvc16.com\/portal\/wp-json\/wp\/v2\/media\/43677"}],"wp:attachment":[{"href":"https:\/\/tvc16.com\/portal\/wp-json\/wp\/v2\/media?parent=43676"}],"wp:term":[{"taxonomy":"category","embeddable":true,"href":"https:\/\/tvc16.com\/portal\/wp-json\/wp\/v2\/categories?post=43676"},{"taxonomy":"post_tag","embeddable":true,"href":"https:\/\/tvc16.com\/portal\/wp-json\/wp\/v2\/tags?post=43676"}],"curies":[{"name":"wp","href":"https:\/\/api.w.org\/{rel}","templated":true}]}}