{"id":43682,"date":"2022-09-12T13:34:57","date_gmt":"2022-09-12T16:34:57","guid":{"rendered":"https:\/\/tvc16.com\/portal\/?p=43682"},"modified":"2022-09-12T13:34:58","modified_gmt":"2022-09-12T16:34:58","slug":"estacio-e-sebrae-vao-oferecer-live-gratuita-para-quem-tem-inovacao-empreendedorismo-na-veia","status":"publish","type":"post","link":"https:\/\/tvc16.com\/portal\/2022\/09\/12\/estacio-e-sebrae-vao-oferecer-live-gratuita-para-quem-tem-inovacao-empreendedorismo-na-veia\/","title":{"rendered":"Est\u00e1cio e Sebrae v\u00e3o oferecer live gratuita para quem tem inova\u00e7\u00e3o\/empreendedorismo na veia"},"content":{"rendered":"\n<p>A Est\u00e1cio e o Sebrae v\u00e3o promover no pr\u00f3ximo dia 13 de setembro (ter\u00e7a-feira), a partir das 17h, uma live de lan\u00e7amento do projeto Startup Way Challenge para as pessoas que t\u00eam inova\u00e7\u00e3o\/empreendedorismo em seus DNAs. O evento \u00e9 gratuito e aberto ao p\u00fablico.<\/p>\n\n\n\n<p>Os interessados em conhecer mais sobre empreendedorismo, poder\u00e3o acompanhar a atra\u00e7\u00e3o por meio do YouTube do Evento, no link: https:\/\/www.carreirasedu.com.br\/desafiosebrae . Para o p\u00fablico externo, n\u00e3o \u00e9 necess\u00e1ria inscri\u00e7\u00e3o pr\u00e9via.<\/p>\n\n\n\n<p>O objetivo do Projeto STARTUP WAY CHALLENGE \u00e9 oferecer uma experi\u00eancia de empreendedorismo, em parceria com o Sebrae (Servi\u00e7o Brasileiro de Apoio \u00e0s Micro e Pequenas Empresas) &#8211; para todos os alunos da gradua\u00e7\u00e3o e p\u00f3s-gradua\u00e7\u00e3o da Est\u00e1cio. O Desafio, al\u00e9m de estimular a inova\u00e7\u00e3o, visa desenvolver ideias de neg\u00f3cios lucrativos gerando impacto positivo para o Planeta.<\/p>\n\n\n\n<p>O Startup Way Challenge ser\u00e1 100% gratuito para o corpo discente da Est\u00e1cio e vai acontecer entre os dias 17 de outubro e 04 de novembro, a partir das 17h. Os alunos que participarem v\u00e3o receber certificado e 30 horas de AAC. As inscri\u00e7\u00f5es estar\u00e3o abertas de 13 de setembro a 11 de outubro e os estudantes poder\u00e3o montar grupos\/equipes entre 3 a 5 alunos. Mais informa\u00e7\u00f5es podem ser obtidas por meio do site https:\/\/www.carreirasedu.com.br\/desafiosebrae.<\/p>\n\n\n\n<p>Como forma de engajamento, os professores da Est\u00e1cio poder\u00e3o fazer parte do projeto, realizando o curso de forma\u00e7\u00e3o de mentores gratuitamente. Eles ser\u00e3o os respons\u00e1veis pela mentoria dos grupos de alunos que ir\u00e3o participar do projeto. As inscri\u00e7\u00f5es para o corpo docente v\u00e3o at\u00e9 o dia 15 de setembro e o curso acontecer\u00e1 entre os dias 19 e 23 de setembro com carga hor\u00e1ria de 2 horas por dia, totalizando 10h, sempre no hor\u00e1rio de 14h30 \u00e0s 16h30. Os conte\u00fados abordados ser\u00e3o \u201cO que \u00e9 Mentoria e o ecossistema de inova\u00e7\u00e3o\u201d; \u201cExplora\u00e7\u00e3o do problema\u201d; \u201cModelagem de neg\u00f3cios\u201d; \u201cPitch\u201d e atividade pr\u00e1tica. Os professores tamb\u00e9m v\u00e3o ganhar certificados emitidos pelo Sebrae. Os docentes interessados devem se inscrever pelo link: https:\/\/www.carreirasedu.com.br\/desafiosebraementores.<\/p>\n\n\n\n<p>\u201cA parceria com o Sebrae \u00e9 um sucesso. Temos uma grande participa\u00e7\u00e3o dos alunos nas nossas a\u00e7\u00f5es em conjunto. E agora, no segundo semestre, o Startup Way Challenge chega com for\u00e7a total. O projeto \u00e9 uma oportunidade para nossos alunos vivenciarem uma experi\u00eancia no empreendedorismo. O Desafio permite que coloquem em pr\u00e1tica conhecimentos te\u00f3ricos e desenvolvam softskills importantes para suas carreiras como o trabalho em equipe, a comunica\u00e7\u00e3o e a inova\u00e7\u00e3o\u201d, afirma D\u00e9bora Freitas, Coordenadora da \u00e1rea de Carreiras e Desenvolvimento do Aluno da Est\u00e1cio.<\/p>\n\n\n\n<p>Marcus Hezeron Gentil Maia, aluno do curso de Engenharia de Produ\u00e7\u00e3o da Est\u00e1cio e membro da equipe vencedora do Desafio em 2021, falou da oportunidade. \u201cParticipar do startup e ter a chance de ser parte de um evento t\u00e3o bacana foi incr\u00edvel! Entre palestras e conversas com meu grupo eu nem senti que isso tudo era um desafio, foi divertido sentir que est\u00e1vamos criando algo n\u00e3o s\u00f3 pra gente, mas pra ajudar todos ao nosso redor. Eu s\u00f3 tenho a agradecer a Est\u00e1cio e ao Sebrae.\u201d<\/p>\n\n\n\n<p>E para o SEBRAE o objetivo \u00e9 \u201ca partir do lan\u00e7amento at\u00e9 o desenvolvimento da trilha do Startup Way Challenge proporcionar uma imers\u00e3o em tem\u00e1ticas atuais tanto para carreira, como para o desenvolvimento de neg\u00f3cios inovadores nos dias atuais&#8221;, comenta Concei\u00e7\u00e3o Moraes\u201d, respons\u00e1vel pelo Sebrae\/PE.<\/p>\n","protected":false},"excerpt":{"rendered":"<p>A Est\u00e1cio e o Sebrae v\u00e3o promover no pr\u00f3ximo dia 13 de setembro (ter\u00e7a-feira), a<\/p>\n","protected":false},"author":2,"featured_media":43683,"comment_status":"open","ping_status":"open","sticky":false,"template":"","format":"standard","meta":{"footnotes":""},"categories":[12],"tags":[],"class_list":["post-43682","post","type-post","status-publish","format-standard","has-post-thumbnail","hentry","category-cidade"],"_links":{"self":[{"href":"https:\/\/tvc16.com\/portal\/wp-json\/wp\/v2\/posts\/43682","targetHints":{"allow":["GET"]}}],"collection":[{"href":"https:\/\/tvc16.com\/portal\/wp-json\/wp\/v2\/posts"}],"about":[{"href":"https:\/\/tvc16.com\/portal\/wp-json\/wp\/v2\/types\/post"}],"author":[{"embeddable":true,"href":"https:\/\/tvc16.com\/portal\/wp-json\/wp\/v2\/users\/2"}],"replies":[{"embeddable":true,"href":"https:\/\/tvc16.com\/portal\/wp-json\/wp\/v2\/comments?post=43682"}],"version-history":[{"count":1,"href":"https:\/\/tvc16.com\/portal\/wp-json\/wp\/v2\/posts\/43682\/revisions"}],"predecessor-version":[{"id":43684,"href":"https:\/\/tvc16.com\/portal\/wp-json\/wp\/v2\/posts\/43682\/revisions\/43684"}],"wp:featuredmedia":[{"embeddable":true,"href":"https:\/\/tvc16.com\/portal\/wp-json\/wp\/v2\/media\/43683"}],"wp:attachment":[{"href":"https:\/\/tvc16.com\/portal\/wp-json\/wp\/v2\/media?parent=43682"}],"wp:term":[{"taxonomy":"category","embeddable":true,"href":"https:\/\/tvc16.com\/portal\/wp-json\/wp\/v2\/categories?post=43682"},{"taxonomy":"post_tag","embeddable":true,"href":"https:\/\/tvc16.com\/portal\/wp-json\/wp\/v2\/tags?post=43682"}],"curies":[{"name":"wp","href":"https:\/\/api.w.org\/{rel}","templated":true}]}}