{"id":43685,"date":"2022-09-12T13:42:04","date_gmt":"2022-09-12T16:42:04","guid":{"rendered":"https:\/\/tvc16.com\/portal\/?p=43685"},"modified":"2022-09-12T13:45:25","modified_gmt":"2022-09-12T16:45:25","slug":"defesa-civil-de-petropolis-emite-alerta-sobre-a-baixa-umidade-relativa-do-ar","status":"publish","type":"post","link":"https:\/\/tvc16.com\/portal\/2022\/09\/12\/defesa-civil-de-petropolis-emite-alerta-sobre-a-baixa-umidade-relativa-do-ar\/","title":{"rendered":"Defesa Civil de Petr\u00f3polis emite alerta sobre a baixa umidade relativa do ar"},"content":{"rendered":"\n<p>Na \u00faltima sexta-feira (09) a Defesa Civil de Petr\u00f3polis divulgou um aviso sobre a baixa umidade relativa do ar. Em certos momentos do ano a umidade sofre uma queda significativa no pa\u00eds, este evento clim\u00e1tico, reflete na quantidade de l\u00edquido vaporizado que h\u00e1 na atmosfera em um determinado marco temporal comparado ao pico m\u00e1ximo que poderia atingir. Esta condi\u00e7\u00e3o clim\u00e1tica \u00e9 mais comum no est\u00e1gio final do inverno e no princ\u00edpio da primavera, especialmente \u00e0 tarde. Em locais como florestas ou nas regi\u00f5es vizinhas de rios ou represas tamb\u00e9m \u00e9 poss\u00edvel perceber a umidifica\u00e7\u00e3o do ar.<\/p>\n\n\n\n<p>Uma das consequ\u00eancias com esta diminui\u00e7\u00e3o s\u00e3o os in\u00fameros dist\u00farbios org\u00e2nicos, particularmente no sistema respirat\u00f3rio, os sintomas causados s\u00e3o sangramento do nariz, a pele seca, olhos inflamados. Este evento clim\u00e1tico predisp\u00f5e card\u00edacos e hipertensos a infartos e derrames. Hospitais e prontos-socorros costumam ficar repletos de pacientes com as mais variadas queixas nestes per\u00edodos.<\/p>\n\n\n\n<p>Algumas recomenda\u00e7\u00f5es para este per\u00edodo s\u00e3o, lavar as m\u00e3os com frequ\u00eancia e evitar coloc\u00e1-las na boca e no nariz, manter o corpo sempre bem hidratado. Na hora do lanche ou da sobremesa, d\u00ea prefer\u00eancia a frutas ricas em l\u00edquidos, como melancia, mel\u00e3o e laranja. Al\u00e9m de aplicar soro fisiol\u00f3gico no nariz e nos olhos para evitar o ressecamento.<\/p>\n\n\n\n<p>Foto: Marlus Renatto<\/p>\n","protected":false},"excerpt":{"rendered":"<p>Na \u00faltima sexta-feira (09) a Defesa Civil de Petr\u00f3polis divulgou um aviso sobre a baixa<\/p>\n","protected":false},"author":2,"featured_media":43686,"comment_status":"open","ping_status":"open","sticky":false,"template":"","format":"standard","meta":{"footnotes":""},"categories":[12],"tags":[],"class_list":["post-43685","post","type-post","status-publish","format-standard","has-post-thumbnail","hentry","category-cidade"],"_links":{"self":[{"href":"https:\/\/tvc16.com\/portal\/wp-json\/wp\/v2\/posts\/43685","targetHints":{"allow":["GET"]}}],"collection":[{"href":"https:\/\/tvc16.com\/portal\/wp-json\/wp\/v2\/posts"}],"about":[{"href":"https:\/\/tvc16.com\/portal\/wp-json\/wp\/v2\/types\/post"}],"author":[{"embeddable":true,"href":"https:\/\/tvc16.com\/portal\/wp-json\/wp\/v2\/users\/2"}],"replies":[{"embeddable":true,"href":"https:\/\/tvc16.com\/portal\/wp-json\/wp\/v2\/comments?post=43685"}],"version-history":[{"count":2,"href":"https:\/\/tvc16.com\/portal\/wp-json\/wp\/v2\/posts\/43685\/revisions"}],"predecessor-version":[{"id":43688,"href":"https:\/\/tvc16.com\/portal\/wp-json\/wp\/v2\/posts\/43685\/revisions\/43688"}],"wp:featuredmedia":[{"embeddable":true,"href":"https:\/\/tvc16.com\/portal\/wp-json\/wp\/v2\/media\/43686"}],"wp:attachment":[{"href":"https:\/\/tvc16.com\/portal\/wp-json\/wp\/v2\/media?parent=43685"}],"wp:term":[{"taxonomy":"category","embeddable":true,"href":"https:\/\/tvc16.com\/portal\/wp-json\/wp\/v2\/categories?post=43685"},{"taxonomy":"post_tag","embeddable":true,"href":"https:\/\/tvc16.com\/portal\/wp-json\/wp\/v2\/tags?post=43685"}],"curies":[{"name":"wp","href":"https:\/\/api.w.org\/{rel}","templated":true}]}}