{"id":43698,"date":"2022-09-12T14:55:35","date_gmt":"2022-09-12T17:55:35","guid":{"rendered":"https:\/\/tvc16.com\/portal\/?p=43698"},"modified":"2022-09-12T14:56:13","modified_gmt":"2022-09-12T17:56:13","slug":"montagem-da-serra-serata-na-reta-finala-festa-da-cultura-italiana-vai-contar-com-mais-de-30-barracas-de-comidas-tipicas-souvenir-e-artesanato-alem-de-um-palco","status":"publish","type":"post","link":"https:\/\/tvc16.com\/portal\/2022\/09\/12\/montagem-da-serra-serata-na-reta-finala-festa-da-cultura-italiana-vai-contar-com-mais-de-30-barracas-de-comidas-tipicas-souvenir-e-artesanato-alem-de-um-palco\/","title":{"rendered":"Montagem da Serra Serata na reta Final"},"content":{"rendered":"\n<p>Mais de 20 profissionais trabalham nesta reta final de montagem da estrutura da Serra Serata &#8211; La Vita \u00e8 Bella, que ter\u00e1 inicio na pr\u00f3xima quinta-feira (15). O clima italiano vai tomar conta do Pal\u00e1cio de Cristal em dois fins de semana: de 15 a 18 e 22 a 25 de setembro.<\/p>\n\n\n\n<p>Todo o espa\u00e7o est\u00e1 sendo decorado com as tradicionais cores verde, branco e vermelho, tudo para compor o cen\u00e1rio t\u00edpico da festa Italiana. Este ano, a festa vai contar com mais de 30 barracas de comidas t\u00edpicas, cervejarias artesanais, souvenir e artesanato, al\u00e9m de um palco. Os produtos oferecidos durante o evento fazem parte do card\u00e1pio sugerido pela Casa D\u2019It\u00e1lia.<\/p>\n\n\n\n<p>\u201cEntregamos a obra de recupera\u00e7\u00e3o do Pal\u00e1cio de Cristal, preparamos o espa\u00e7o para receber a Bauernfest, que foi um sucesso, e agora estamos novamente preparando o espa\u00e7o para receber a pr\u00f3xima edi\u00e7\u00e3o da Serra Serata. \u00c9 um momento muito especial para nossa cidade. A festa movimenta muito a economia do munic\u00edpio nos mais diversos setores. Estamos trabalhando de forma intersetorial para impulsionar a economia da cidade\u201d, disse o prefeito Rubens Bomtempo.<\/p>\n\n\n\n<p>Respons\u00e1vel pela montagem das estruturas, a Companhia Desenvolvimento de Petr\u00f3polis (Comdep) trabalha com equipe refor\u00e7ada nos preparativos. \u201cNossos profissionais est\u00e3o empenhados em entregar a melhor estrutura para o evento. Estamos trabalhando na montagem, pintura e manuten\u00e7\u00e3o do espa\u00e7o. Al\u00e9m disso, continuamos trabalhando incansavelmente com uma equipe muito dedicada e esfor\u00e7ada na manuten\u00e7\u00e3o e cuidado com o munic\u00edpio\u201d, destacou Cedenyr Vieira, diretor-presidente da Comdep.<\/p>\n\n\n\n<p>O Serra Serata \u00e9 uma realiza\u00e7\u00e3o da Prefeitura de Petr\u00f3polis, Instituto Municipal de Cultura, Turispetro e Casa D\u2019Italia Anita Garibaldi. Para mais informa\u00e7\u00f5es sobre o Serra Serata 2022 e a hist\u00f3ria dos italianos em Petr\u00f3polis, basta acessar o site https:\/\/web2.petropolis.rj.gov.br\/serra-serata\/.<\/p>\n","protected":false},"excerpt":{"rendered":"<p>Mais de 20 profissionais trabalham nesta reta final de montagem da estrutura da Serra Serata<\/p>\n","protected":false},"author":2,"featured_media":43699,"comment_status":"open","ping_status":"open","sticky":false,"template":"","format":"standard","meta":{"footnotes":""},"categories":[12],"tags":[],"class_list":["post-43698","post","type-post","status-publish","format-standard","has-post-thumbnail","hentry","category-cidade"],"_links":{"self":[{"href":"https:\/\/tvc16.com\/portal\/wp-json\/wp\/v2\/posts\/43698","targetHints":{"allow":["GET"]}}],"collection":[{"href":"https:\/\/tvc16.com\/portal\/wp-json\/wp\/v2\/posts"}],"about":[{"href":"https:\/\/tvc16.com\/portal\/wp-json\/wp\/v2\/types\/post"}],"author":[{"embeddable":true,"href":"https:\/\/tvc16.com\/portal\/wp-json\/wp\/v2\/users\/2"}],"replies":[{"embeddable":true,"href":"https:\/\/tvc16.com\/portal\/wp-json\/wp\/v2\/comments?post=43698"}],"version-history":[{"count":2,"href":"https:\/\/tvc16.com\/portal\/wp-json\/wp\/v2\/posts\/43698\/revisions"}],"predecessor-version":[{"id":43701,"href":"https:\/\/tvc16.com\/portal\/wp-json\/wp\/v2\/posts\/43698\/revisions\/43701"}],"wp:featuredmedia":[{"embeddable":true,"href":"https:\/\/tvc16.com\/portal\/wp-json\/wp\/v2\/media\/43699"}],"wp:attachment":[{"href":"https:\/\/tvc16.com\/portal\/wp-json\/wp\/v2\/media?parent=43698"}],"wp:term":[{"taxonomy":"category","embeddable":true,"href":"https:\/\/tvc16.com\/portal\/wp-json\/wp\/v2\/categories?post=43698"},{"taxonomy":"post_tag","embeddable":true,"href":"https:\/\/tvc16.com\/portal\/wp-json\/wp\/v2\/tags?post=43698"}],"curies":[{"name":"wp","href":"https:\/\/api.w.org\/{rel}","templated":true}]}}