{"id":4370,"date":"2020-10-30T20:03:14","date_gmt":"2020-10-30T20:03:14","guid":{"rendered":"https:\/\/tvc16.com\/portal\/?p=4370"},"modified":"2020-10-30T20:03:14","modified_gmt":"2020-10-30T20:03:14","slug":"auxilio-emergencial-mais-95-mil-cidadaos-sao-contemplados-com-o-beneficio","status":"publish","type":"post","link":"https:\/\/tvc16.com\/portal\/2020\/10\/30\/auxilio-emergencial-mais-95-mil-cidadaos-sao-contemplados-com-o-beneficio\/","title":{"rendered":"AUX\u00cdLIO EMERGENCIAL: Mais 95 mil cidad\u00e3os s\u00e3o contemplados com o benef\u00edcio"},"content":{"rendered":"\n<p>Segundo o ministro da Cidadania, Onyx Lorenzoni, o objetivo \u00e9 beneficiar todas as pessoas que t\u00eam direito ao Aux\u00edlio Emergencial<\/p>\n\n\n\n<p>Mais 95 mil pessoas, que passaram por reavalia\u00e7\u00f5es cadastrais em outubro, v\u00e3o passar a receber o <a href=\"https:\/\/auxilio.caixa.gov.br\/#\/inicio\">Aux\u00edlio Emergencial<\/a> do Governo Federal. Uma Portaria do <a href=\"https:\/\/www.gov.br\/cidadania\/pt-br\">Minist\u00e9rio da Cidadania<\/a> apresenta o calend\u00e1rio de cr\u00e9ditos na conta social digital e de saques das cinco parcelas originais do benef\u00edcio.<\/p>\n\n\n\n<p>Os novos lotes do benef\u00edcio liberados entram nos ciclos em vigor. O p\u00fablico da Portaria n\u00ba 519 ser\u00e1 integrado ao calend\u00e1rio a partir do Ciclo 4. Inicialmente, ser\u00e3o oito mil cidad\u00e3os nascidos em janeiro que j\u00e1 ter\u00e3o o cr\u00e9dito da primeira parcela na conta social digital nesta sexta-feira (30). Eles se juntam a 3,6 milh\u00f5es de pessoas que fazem anivers\u00e1rio no mesmo m\u00eas e que estavam no fluxo divulgado pelo governo no final do \u00faltimo m\u00eas.<\/p>\n\n\n\n<p><a href=\"https:\/\/brasil61.com\/noticias\/orientacoes-do-sebrae-ajudam-micro-empresarios-na-sustentacao-dos-empregos-durante-a-pandemia-sebr200016\"><strong>Orienta\u00e7\u00f5es do Sebrae ajudam micro empres\u00e1rios na sustenta\u00e7\u00e3o dos empregos durante a pandemia<\/strong><\/a><\/p>\n\n\n\n<p><a href=\"https:\/\/brasil61.com\/noticias\/empresa-simples-de-credito-e-cadastro-positivo-surgem-como-alternativas-de-credito-para-micro-e-pequenas-empresas-sebr200015\"><strong>Empresa Simples de Cr\u00e9dito e Cadastro Positivo surgem como alternativas de cr\u00e9dito para micro e pequenas empresas<\/strong><\/a><\/p>\n\n\n\n<p>Segundo o ministro da Cidadania, Onyx Lorenzoni, o objetivo \u00e9 contemplar todas as pessoas que t\u00eam direito ao Aux\u00edlio Emergencial. Segundo ele, o programa \u00e9 \u201creconhecido internacionalmente pela efici\u00eancia no combate aos efeitos socioecon\u00f4micos da pandemia do novo coronav\u00edrus.\u201d &nbsp;<\/p>\n\n\n\n<p>termos da Lei que estabeleceu o Aux\u00edlio Emergencial, todo cidad\u00e3o que cumpra os requisitos para receber o benef\u00edcio tem direito a cinco parcelas. Como o programa vai at\u00e9 31 de dezembro de 2020, algumas parcelas podem ser pagas simultaneamente.<\/p>\n\n\n\n<p>Fonte: <a href=\"https:\/\/brasil61.com\/noticias\/auxilio-emergencial-mais-95-mil-cidadaos-sao-contemplados-com-o-beneficio-bras202414?email=bethdeoliveira@yahoo.com.br&amp;utm_source=newsletter&amp;utm_medium=newsletter&amp;utm_campaign=newsletter\" target=\"_blank\" rel=\"noreferrer noopener\">Brasil 61<\/a><\/p>\n","protected":false},"excerpt":{"rendered":"<p>Segundo o ministro da Cidadania, Onyx Lorenzoni, o objetivo \u00e9 beneficiar todas as pessoas que<\/p>\n","protected":false},"author":2,"featured_media":4371,"comment_status":"open","ping_status":"open","sticky":false,"template":"","format":"standard","meta":{"footnotes":""},"categories":[14],"tags":[],"class_list":["post-4370","post","type-post","status-publish","format-standard","has-post-thumbnail","hentry","category-pais"],"_links":{"self":[{"href":"https:\/\/tvc16.com\/portal\/wp-json\/wp\/v2\/posts\/4370","targetHints":{"allow":["GET"]}}],"collection":[{"href":"https:\/\/tvc16.com\/portal\/wp-json\/wp\/v2\/posts"}],"about":[{"href":"https:\/\/tvc16.com\/portal\/wp-json\/wp\/v2\/types\/post"}],"author":[{"embeddable":true,"href":"https:\/\/tvc16.com\/portal\/wp-json\/wp\/v2\/users\/2"}],"replies":[{"embeddable":true,"href":"https:\/\/tvc16.com\/portal\/wp-json\/wp\/v2\/comments?post=4370"}],"version-history":[{"count":1,"href":"https:\/\/tvc16.com\/portal\/wp-json\/wp\/v2\/posts\/4370\/revisions"}],"predecessor-version":[{"id":4372,"href":"https:\/\/tvc16.com\/portal\/wp-json\/wp\/v2\/posts\/4370\/revisions\/4372"}],"wp:featuredmedia":[{"embeddable":true,"href":"https:\/\/tvc16.com\/portal\/wp-json\/wp\/v2\/media\/4371"}],"wp:attachment":[{"href":"https:\/\/tvc16.com\/portal\/wp-json\/wp\/v2\/media?parent=4370"}],"wp:term":[{"taxonomy":"category","embeddable":true,"href":"https:\/\/tvc16.com\/portal\/wp-json\/wp\/v2\/categories?post=4370"},{"taxonomy":"post_tag","embeddable":true,"href":"https:\/\/tvc16.com\/portal\/wp-json\/wp\/v2\/tags?post=4370"}],"curies":[{"name":"wp","href":"https:\/\/api.w.org\/{rel}","templated":true}]}}