{"id":43702,"date":"2022-09-12T15:16:06","date_gmt":"2022-09-12T18:16:06","guid":{"rendered":"https:\/\/tvc16.com\/portal\/?p=43702"},"modified":"2022-09-12T15:16:07","modified_gmt":"2022-09-12T18:16:07","slug":"prazo-de-inscricoes-para-o-concurso-publico-da-educacao-termina-na-sexta-feira","status":"publish","type":"post","link":"https:\/\/tvc16.com\/portal\/2022\/09\/12\/prazo-de-inscricoes-para-o-concurso-publico-da-educacao-termina-na-sexta-feira\/","title":{"rendered":"Prazo de inscri\u00e7\u00f5es para o concurso p\u00fablico da Educa\u00e7\u00e3o termina na sexta-feira"},"content":{"rendered":"\n<p>Termina na sexta-feira (16), o prazo para as inscri\u00e7\u00f5es do concurso p\u00fablico da Educa\u00e7\u00e3o, com 877 vagas &#8211; sendo 352 para cargos de n\u00edvel m\u00e9dio (educador de Educa\u00e7\u00e3o Infantil e secret\u00e1rio escolar) e 525 para os de n\u00edvel superior (professores). A inscri\u00e7\u00e3o deve ser feita pelo site da Funda\u00e7\u00e3o Dom Cintra (www.domcintra.org.br), organizadora do concurso. O edital est\u00e1 dispon\u00edvel no site da Prefeitura (www.petropolis.rj.gov.br).<\/p>\n\n\n\n<p>Do total de vagas, 220 s\u00e3o destinadas a pessoas com defici\u00eancia, negros e ind\u00edgenas. A novidade do concurso \u00e9 a realiza\u00e7\u00e3o de avalia\u00e7\u00e3o psicol\u00f3gica com aplica\u00e7\u00e3o de testes psicol\u00f3gicos, obedecendo \u00e0s normas do Conselho Federal de Psicologia (CFP) e do Conselho Regional de Psicologia (CRP), com as t\u00e9cnicas reconhecidas pela comunidade cient\u00edfica. Ela ser\u00e1 realizada por banca examinadora composta exclusivamente por profissionais com registro v\u00e1lido no CRP-RJ. Na avalia\u00e7\u00e3o o candidato ser\u00e1 considerado apto ou inapto e ser\u00e1 eliminado, quem n\u00e3o comparecer no dia, hor\u00e1rio e local estabelecido e divulgado.<\/p>\n\n\n\n<p>O valor da taxa de inscri\u00e7\u00e3o ser\u00e1 de R$ 87,00 para os cargos de n\u00edvel m\u00e9dio e de R$ 108,00 para o de n\u00edvel superior. As provas acontecem no dia 16 de outubro e ser\u00e3o realizadas \u00e0s 08h (n\u00edvel superior) e \u00e0s 15h (n\u00edvel m\u00e9dio), com local ainda a ser divulgado pela Funda\u00e7\u00e3o Dom Cintra.<\/p>\n\n\n\n<p>Os cargos que exigem o Ensino M\u00e9dio s\u00e3o os de educador de Educa\u00e7\u00e3o Infantil e os de Ensino Superior s\u00e3o de professor da Educa\u00e7\u00e3o B\u00e1sica divididos nas seguintes especializa\u00e7\u00f5es: Educa\u00e7\u00e3o Infantil e anos iniciais, Ci\u00eancias, Educa\u00e7\u00e3o Art\u00edstica, Educa\u00e7\u00e3o F\u00edsica, Ensino Religioso, Geografia, Hist\u00f3ria, Ingl\u00eas, Matem\u00e1tica e Portugu\u00eas.<\/p>\n\n\n\n<p>O rendimento inicial de educador de Educa\u00e7\u00e3o Infantil \u00e9 de R$ 1.489,52; o de secret\u00e1rio de Escola \u00e9 R$ 1.537,83 e o sal\u00e1rio inicial do professor da Educa\u00e7\u00e3o B\u00e1sica (de todas as especializa\u00e7\u00f5es) \u00e9 de R$ 2.187,22. Informa\u00e7\u00e3o sobre o concurso podem ser obtidas pelo site da Funda\u00e7\u00e3o Dom Cintra, pelo e-mail sepmp@domcintra.org.br ou pelos telefones (24) 2231-5711 ou (24) 2231-0575, de segunda a sexta-feira, das 09h \u00e0s 12h ou das 14h \u00e0s 17h.<\/p>\n","protected":false},"excerpt":{"rendered":"<p>Termina na sexta-feira (16), o prazo para as inscri\u00e7\u00f5es do concurso p\u00fablico da Educa\u00e7\u00e3o, com<\/p>\n","protected":false},"author":2,"featured_media":39721,"comment_status":"open","ping_status":"open","sticky":false,"template":"","format":"standard","meta":{"footnotes":""},"categories":[12],"tags":[],"class_list":["post-43702","post","type-post","status-publish","format-standard","has-post-thumbnail","hentry","category-cidade"],"_links":{"self":[{"href":"https:\/\/tvc16.com\/portal\/wp-json\/wp\/v2\/posts\/43702","targetHints":{"allow":["GET"]}}],"collection":[{"href":"https:\/\/tvc16.com\/portal\/wp-json\/wp\/v2\/posts"}],"about":[{"href":"https:\/\/tvc16.com\/portal\/wp-json\/wp\/v2\/types\/post"}],"author":[{"embeddable":true,"href":"https:\/\/tvc16.com\/portal\/wp-json\/wp\/v2\/users\/2"}],"replies":[{"embeddable":true,"href":"https:\/\/tvc16.com\/portal\/wp-json\/wp\/v2\/comments?post=43702"}],"version-history":[{"count":1,"href":"https:\/\/tvc16.com\/portal\/wp-json\/wp\/v2\/posts\/43702\/revisions"}],"predecessor-version":[{"id":43703,"href":"https:\/\/tvc16.com\/portal\/wp-json\/wp\/v2\/posts\/43702\/revisions\/43703"}],"wp:featuredmedia":[{"embeddable":true,"href":"https:\/\/tvc16.com\/portal\/wp-json\/wp\/v2\/media\/39721"}],"wp:attachment":[{"href":"https:\/\/tvc16.com\/portal\/wp-json\/wp\/v2\/media?parent=43702"}],"wp:term":[{"taxonomy":"category","embeddable":true,"href":"https:\/\/tvc16.com\/portal\/wp-json\/wp\/v2\/categories?post=43702"},{"taxonomy":"post_tag","embeddable":true,"href":"https:\/\/tvc16.com\/portal\/wp-json\/wp\/v2\/tags?post=43702"}],"curies":[{"name":"wp","href":"https:\/\/api.w.org\/{rel}","templated":true}]}}