{"id":4379,"date":"2020-10-30T20:17:43","date_gmt":"2020-10-30T20:17:43","guid":{"rendered":"https:\/\/tvc16.com\/portal\/?p=4379"},"modified":"2020-10-30T20:17:43","modified_gmt":"2020-10-30T20:17:43","slug":"estados-e-municipios-tem-ate-esta-sexta-feira-30-para-aderir-ao-tempo-de-aprender","status":"publish","type":"post","link":"https:\/\/tvc16.com\/portal\/2020\/10\/30\/estados-e-municipios-tem-ate-esta-sexta-feira-30-para-aderir-ao-tempo-de-aprender\/","title":{"rendered":"Estados e munic\u00edpios t\u00eam at\u00e9 esta sexta-feira (30) para aderir ao Tempo de Aprender"},"content":{"rendered":"\n<p>Programa tem o prop\u00f3sito de enfrentar as defici\u00eancias da alfabetiza\u00e7\u00e3o no Brasil<\/p>\n\n\n\n<p>Estados e munic\u00edpios t\u00eam at\u00e9 hoje (30) para aderir ao programa Tempo de Aprender, do Minist\u00e9rio da Educa\u00e7\u00e3o. De acordo com a pasta, cerca de 73% das secretarias de educa\u00e7\u00e3o de todo o pa\u00eds j\u00e1 adotaram ao programa.<br><br>A iniciativa tem por objetivo enfrentar as defici\u00eancias da alfabetiza\u00e7\u00e3o em territ\u00f3rio nacional. As a\u00e7\u00f5es s\u00e3o voltadas ao \u00faltimo ano da pr\u00e9-escola e ao 1\u00ba e 2\u00ba ano do ensino fundamental das redes p\u00fablicas estaduais, municipais e distrital.<\/p>\n\n\n\n<p><strong><a href=\"https:\/\/brasil61.com\/noticias\/censo-escolar-2020-migracao-de-matriculas-durante-suspensao-de-aulas-pode-ser-declarada-diz-inep-bras202383\">Censo Escolar 2020: migra\u00e7\u00e3o de matr\u00edculas durante suspens\u00e3o de aulas pode ser declarada, diz Inep<\/a><\/strong><\/p>\n\n\n\n<p><strong><a href=\"https:\/\/brasil61.com\/noticias\/unidades-de-ensino-medio-do-rio-grande-do-sul-estao-com-inscricoes-abertas-para-o-processo-seletivo-ate-16-de-novembro-pind202225\">Unidades de Ensino M\u00e9dio do Rio Grande do Sul est\u00e3o com inscri\u00e7\u00f5es abertas para o processo seletivo at\u00e9 16 de novembro<\/a><\/strong><br><br>S\u00e3o quatro eixos da atua\u00e7\u00e3o dentro do segmento da alfabetiza\u00e7\u00e3o: forma\u00e7\u00e3o continuada de profissionais, apoio pedag\u00f3gico, aprimoramento das avalia\u00e7\u00f5es e valoriza\u00e7\u00e3o dos profissionais.<br><br>Gestores das redes de educa\u00e7\u00e3o que tiverem interesse em realizar a inscri\u00e7\u00e3o precisam regularizar os dados cadastrais, acessar a p\u00e1gina do programa e preencher o formul\u00e1rio de ades\u00e3o.<\/p>\n\n\n\n<p>Fonte: <a href=\"https:\/\/brasil61.com\/noticias\/estados-e-municipios-tem-ate-esta-sexta-feira-30-para-aderir-ao-tempo-de-aprender-bras202416?email=bethdeoliveira@yahoo.com.br&amp;utm_source=newsletter&amp;utm_medium=newsletter&amp;utm_campaign=newsletter\" target=\"_blank\" rel=\"noreferrer noopener\">Brasil 61<\/a><\/p>\n","protected":false},"excerpt":{"rendered":"<p>Programa tem o prop\u00f3sito de enfrentar as defici\u00eancias da alfabetiza\u00e7\u00e3o no Brasil Estados e munic\u00edpios<\/p>\n","protected":false},"author":2,"featured_media":4380,"comment_status":"open","ping_status":"open","sticky":false,"template":"","format":"standard","meta":{"footnotes":""},"categories":[19],"tags":[],"class_list":["post-4379","post","type-post","status-publish","format-standard","has-post-thumbnail","hentry","category-educacao"],"_links":{"self":[{"href":"https:\/\/tvc16.com\/portal\/wp-json\/wp\/v2\/posts\/4379","targetHints":{"allow":["GET"]}}],"collection":[{"href":"https:\/\/tvc16.com\/portal\/wp-json\/wp\/v2\/posts"}],"about":[{"href":"https:\/\/tvc16.com\/portal\/wp-json\/wp\/v2\/types\/post"}],"author":[{"embeddable":true,"href":"https:\/\/tvc16.com\/portal\/wp-json\/wp\/v2\/users\/2"}],"replies":[{"embeddable":true,"href":"https:\/\/tvc16.com\/portal\/wp-json\/wp\/v2\/comments?post=4379"}],"version-history":[{"count":1,"href":"https:\/\/tvc16.com\/portal\/wp-json\/wp\/v2\/posts\/4379\/revisions"}],"predecessor-version":[{"id":4381,"href":"https:\/\/tvc16.com\/portal\/wp-json\/wp\/v2\/posts\/4379\/revisions\/4381"}],"wp:featuredmedia":[{"embeddable":true,"href":"https:\/\/tvc16.com\/portal\/wp-json\/wp\/v2\/media\/4380"}],"wp:attachment":[{"href":"https:\/\/tvc16.com\/portal\/wp-json\/wp\/v2\/media?parent=4379"}],"wp:term":[{"taxonomy":"category","embeddable":true,"href":"https:\/\/tvc16.com\/portal\/wp-json\/wp\/v2\/categories?post=4379"},{"taxonomy":"post_tag","embeddable":true,"href":"https:\/\/tvc16.com\/portal\/wp-json\/wp\/v2\/tags?post=4379"}],"curies":[{"name":"wp","href":"https:\/\/api.w.org\/{rel}","templated":true}]}}