{"id":438,"date":"2020-09-15T00:28:53","date_gmt":"2020-09-15T00:28:53","guid":{"rendered":"https:\/\/tvc16.com\/portal\/?p=438"},"modified":"2020-09-15T00:28:53","modified_gmt":"2020-09-15T00:28:53","slug":"covid-19-brasil-acumula-132-mil-mortes-e-43-milhoes-de-casos","status":"publish","type":"post","link":"https:\/\/tvc16.com\/portal\/2020\/09\/15\/covid-19-brasil-acumula-132-mil-mortes-e-43-milhoes-de-casos\/","title":{"rendered":"Covid-19: Brasil acumula 132 mil mortes e 4,3 milh\u00f5es de casos"},"content":{"rendered":"\n<p>Outras 3,6 milh\u00f5es de pessoas j\u00e1 se recuperaram da doen\u00e7a<\/p>\n\n\n\n<p>O Brasil registrou, nas \u00faltimas 24 horas, 381 novas mortes por covid-19, chegando a 132.006 vidas perdidas desde o in\u00edcio da pandemia. Os dados est\u00e3o no balan\u00e7o di\u00e1rio divulgado pelo Minist\u00e9rio da Sa\u00fade na noite desta segunda-feira (14). Ontem o sistema contabilizava 131.625 falecimentos. Ainda h\u00e1 2.498 \u00f3bitos em investiga\u00e7\u00e3o.<\/p>\n\n\n\n<p>O n\u00famero de casos acumulados atingiu 4.345.610. Entre ontem e hoje, as secretarias de sa\u00fade de estados notificaram 15.115 novos diagn\u00f3sticos positivos de infec\u00e7\u00e3o pelo novo coronav\u00edrus. Ontem o painel do Minist\u00e9rio da Sa\u00fade trazia 4.330.455 casos acumulados.<\/p>\n\n\n\n<p>Os casos registrados costumam ser menores aos domingos e segundas-feiras pela limita\u00e7\u00e3o das secretarias de sa\u00fade de alimentar o sistema nacional. J\u00e1 \u00e0s ter\u00e7as-feiras, o n\u00famero tem sido maior pelo envio dos dados acumulados no final de semana.inda de acordo com a atualiza\u00e7\u00e3o do minist\u00e9rio, 600.420 pessoas est\u00e3o em acompanhamento e outras 3.613.184 j\u00e1 se recuperaram da doen\u00e7a.<\/p>\n\n\n\n<p>Dados estaduais<\/p>\n\n\n\n<p>Os estados que contabilizam mais morte s\u00e3o S\u00e3o Paulo (32.642), Rio de Janeiro (17.003), Cear\u00e1 (8.698), Pernambuco (7.888) e Par\u00e1 (6.368). As unidades da Federa\u00e7\u00e3o com menos vidas perdidas at\u00e9 o momento s\u00e3o Roraima (610), Acre (640), Amap\u00e1 (680), Tocantins (814) e Mato Grosso do Sul (1.085).<\/p>\n\n\n\n<p>Por Jonas Valente \u2013 Rep\u00f3rter Ag\u00eancia Brasil &#8211; Bras\u00edlia<\/p>\n\n\n\n<p>Edi\u00e7\u00e3o: Denise Griesinger<\/p>\n","protected":false},"excerpt":{"rendered":"<p>Outras 3,6 milh\u00f5es de pessoas j\u00e1 se recuperaram da doen\u00e7a O Brasil registrou, nas \u00faltimas<\/p>\n","protected":false},"author":2,"featured_media":440,"comment_status":"open","ping_status":"open","sticky":false,"template":"","format":"standard","meta":{"footnotes":""},"categories":[14],"tags":[],"class_list":["post-438","post","type-post","status-publish","format-standard","has-post-thumbnail","hentry","category-pais"],"_links":{"self":[{"href":"https:\/\/tvc16.com\/portal\/wp-json\/wp\/v2\/posts\/438","targetHints":{"allow":["GET"]}}],"collection":[{"href":"https:\/\/tvc16.com\/portal\/wp-json\/wp\/v2\/posts"}],"about":[{"href":"https:\/\/tvc16.com\/portal\/wp-json\/wp\/v2\/types\/post"}],"author":[{"embeddable":true,"href":"https:\/\/tvc16.com\/portal\/wp-json\/wp\/v2\/users\/2"}],"replies":[{"embeddable":true,"href":"https:\/\/tvc16.com\/portal\/wp-json\/wp\/v2\/comments?post=438"}],"version-history":[{"count":1,"href":"https:\/\/tvc16.com\/portal\/wp-json\/wp\/v2\/posts\/438\/revisions"}],"predecessor-version":[{"id":442,"href":"https:\/\/tvc16.com\/portal\/wp-json\/wp\/v2\/posts\/438\/revisions\/442"}],"wp:featuredmedia":[{"embeddable":true,"href":"https:\/\/tvc16.com\/portal\/wp-json\/wp\/v2\/media\/440"}],"wp:attachment":[{"href":"https:\/\/tvc16.com\/portal\/wp-json\/wp\/v2\/media?parent=438"}],"wp:term":[{"taxonomy":"category","embeddable":true,"href":"https:\/\/tvc16.com\/portal\/wp-json\/wp\/v2\/categories?post=438"},{"taxonomy":"post_tag","embeddable":true,"href":"https:\/\/tvc16.com\/portal\/wp-json\/wp\/v2\/tags?post=438"}],"curies":[{"name":"wp","href":"https:\/\/api.w.org\/{rel}","templated":true}]}}