{"id":4382,"date":"2020-10-30T20:21:29","date_gmt":"2020-10-30T20:21:29","guid":{"rendered":"https:\/\/tvc16.com\/portal\/?p=4382"},"modified":"2020-10-30T20:21:29","modified_gmt":"2020-10-30T20:21:29","slug":"atividade-industrial-em-petropolis-e-teresopolis-avanca-acima-da-media","status":"publish","type":"post","link":"https:\/\/tvc16.com\/portal\/2020\/10\/30\/atividade-industrial-em-petropolis-e-teresopolis-avanca-acima-da-media\/","title":{"rendered":"Atividade industrial em Petr\u00f3polis e Teres\u00f3polis avan\u00e7a acima da m\u00e9dia"},"content":{"rendered":"\n<p><\/p>\n\n\n\n<p>Ap\u00f3s queda hist\u00f3rica, ind\u00fastria registra melhor resultado em agosto. Empres\u00e1rios acreditam em cen\u00e1rio animador para 2021<br><br>As ind\u00fastrias de Petr\u00f3polis e Teres\u00f3polis registraram aumento no volume de produ\u00e7\u00e3o acima da m\u00e9dia do Estado do Rio durante o 3\u00ba trimestre de 2020. Houve\u00a0crescimento em todos os meses, fechando setembro com 58,1 pontos. Com isso, a utiliza\u00e7\u00e3o da capacidade instalada alcan\u00e7ou 68%, al\u00e9m da m\u00e9dia hist\u00f3rica de 61,4% e maior do que o registrado no m\u00eas anterior (63%). Os dados est\u00e3o na Sondagem Industrial divulgada pela Firjan hoje (30). O indicador abaixo de 50 pontos registra queda e acima, confirma o aumento da produ\u00e7\u00e3o.<\/p>\n\n\n\n<p>Em agosto, ap\u00f3s intensa queda nos meses de maior impacto da pandemia da Covid-19, o indicador de volume de produ\u00e7\u00e3o alcan\u00e7ou seu maior patamar, 61,7 pontos. A \u00faltima vez que a atividade das ind\u00fastrias teve resultado aproximado foi em outubro de 2019, quando o volume alcan\u00e7ou 60,5 pontos.<\/p>\n\n\n\n<p>O movimento de retomada influenciou positivamente o indicador de n\u00famero de empregados (55,6), que registrou seu segundo m\u00eas consecutivo de crescimento. Paralelo a isso, o n\u00edvel de estoques de produtos finais apresentou redu\u00e7\u00e3o (42,6), mas ficou acima do planejado pelos empres\u00e1rios (39,7).&nbsp;<\/p>\n\n\n\n<p>A melhora no quadro produtivo fez com que a situa\u00e7\u00e3o financeira das ind\u00fastrias (50,0) deixasse os resultados negativos dos \u00faltimos meses para alcan\u00e7ar a estabilidade no terceiro trimestre. Com isso, a margem de lucro operacional das empresas cresceu 18,1 pontos na passagem trimestral e registrou 47,6 pontos. J\u00e1 o indicador de acesso ao cr\u00e9dito (38,2 pontos) obteve crescimento de 8,4 pontos, mas ainda distante do ideal.<\/p>\n\n\n\n<figure class=\"wp-block-image size-large\"><img loading=\"lazy\" decoding=\"async\" width=\"1000\" height=\"667\" src=\"https:\/\/tvc16.com\/portal\/wp-content\/uploads\/2020\/10\/110502-18_1060.jpg\" alt=\"\" class=\"wp-image-4384\" srcset=\"https:\/\/tvc16.com\/portal\/wp-content\/uploads\/2020\/10\/110502-18_1060.jpg 1000w, https:\/\/tvc16.com\/portal\/wp-content\/uploads\/2020\/10\/110502-18_1060-300x200.jpg 300w, https:\/\/tvc16.com\/portal\/wp-content\/uploads\/2020\/10\/110502-18_1060-768x512.jpg 768w, https:\/\/tvc16.com\/portal\/wp-content\/uploads\/2020\/10\/110502-18_1060-900x600.jpg 900w\" sizes=\"auto, (max-width: 1000px) 100vw, 1000px\" \/><figcaption>F\u00e1brica da Croydon.<\/figcaption><\/figure>\n\n\n\n<p><strong>Otimismo para 2021<\/strong><\/p>\n\n\n\n<p>Os empres\u00e1rios entrevistados pela pesquisa projetam resultados ainda melhores nos pr\u00f3ximos meses. Essa expectativa \u00e9 de crescimento em rela\u00e7\u00e3o a demanda por produtos e a compra de mat\u00e9ria\u2013prima \u2014 os dois indicadores alcan\u00e7aram 66,9 pontos, seguindo trajet\u00f3ria otimista dos \u00faltimos 4 meses \u2014 assim como as exporta\u00e7\u00f5es (57,1). Com isso, em um cen\u00e1rio de menos incertezas e mais seguran\u00e7a, novos investimentos (50,8) poder\u00e3o ser feitos a partir de 2021, o que dever\u00e1 refletir em contrata\u00e7\u00f5es (52,4).<\/p>\n\n\n\n<p>________________<\/p>\n\n\n\n<p>A Sondagem Industrial Serrana pode ser acessada atrav\u00e9s deste link:&nbsp;<a rel=\"noreferrer noopener\" target=\"_blank\" href=\"http:\/\/www.firjan.com.br\/publicacoes\/publicacoes-de-economia\/sondagem-industrial-do-rio-de-janeiro.htm\">http:\/\/www.firjan.com.br\/publicacoes\/publicacoes-de-economia\/sondagem-industrial-do-rio-de-janeiro.htm<\/a><\/p>\n","protected":false},"excerpt":{"rendered":"<p>Ap\u00f3s queda hist\u00f3rica, ind\u00fastria registra melhor resultado em agosto. Empres\u00e1rios acreditam em cen\u00e1rio animador para<\/p>\n","protected":false},"author":2,"featured_media":4383,"comment_status":"open","ping_status":"open","sticky":false,"template":"","format":"standard","meta":{"footnotes":""},"categories":[12],"tags":[],"class_list":["post-4382","post","type-post","status-publish","format-standard","has-post-thumbnail","hentry","category-cidade"],"_links":{"self":[{"href":"https:\/\/tvc16.com\/portal\/wp-json\/wp\/v2\/posts\/4382","targetHints":{"allow":["GET"]}}],"collection":[{"href":"https:\/\/tvc16.com\/portal\/wp-json\/wp\/v2\/posts"}],"about":[{"href":"https:\/\/tvc16.com\/portal\/wp-json\/wp\/v2\/types\/post"}],"author":[{"embeddable":true,"href":"https:\/\/tvc16.com\/portal\/wp-json\/wp\/v2\/users\/2"}],"replies":[{"embeddable":true,"href":"https:\/\/tvc16.com\/portal\/wp-json\/wp\/v2\/comments?post=4382"}],"version-history":[{"count":1,"href":"https:\/\/tvc16.com\/portal\/wp-json\/wp\/v2\/posts\/4382\/revisions"}],"predecessor-version":[{"id":4385,"href":"https:\/\/tvc16.com\/portal\/wp-json\/wp\/v2\/posts\/4382\/revisions\/4385"}],"wp:featuredmedia":[{"embeddable":true,"href":"https:\/\/tvc16.com\/portal\/wp-json\/wp\/v2\/media\/4383"}],"wp:attachment":[{"href":"https:\/\/tvc16.com\/portal\/wp-json\/wp\/v2\/media?parent=4382"}],"wp:term":[{"taxonomy":"category","embeddable":true,"href":"https:\/\/tvc16.com\/portal\/wp-json\/wp\/v2\/categories?post=4382"},{"taxonomy":"post_tag","embeddable":true,"href":"https:\/\/tvc16.com\/portal\/wp-json\/wp\/v2\/tags?post=4382"}],"curies":[{"name":"wp","href":"https:\/\/api.w.org\/{rel}","templated":true}]}}