{"id":4386,"date":"2020-10-30T20:34:40","date_gmt":"2020-10-30T20:34:40","guid":{"rendered":"https:\/\/tvc16.com\/portal\/?p=4386"},"modified":"2020-10-30T20:34:40","modified_gmt":"2020-10-30T20:34:40","slug":"abertura-do-mercado-de-gas-natural-pode-gerar-mais-de-33-mil-empregos-nos-proximos-10-anos-afirma-bruno-eustaquio","status":"publish","type":"post","link":"https:\/\/tvc16.com\/portal\/2020\/10\/30\/abertura-do-mercado-de-gas-natural-pode-gerar-mais-de-33-mil-empregos-nos-proximos-10-anos-afirma-bruno-eustaquio\/","title":{"rendered":"\u201cAbertura do mercado de g\u00e1s natural pode gerar mais de 33 mil empregos nos pr\u00f3ximos 10 anos\u201d, afirma Bruno Eust\u00e1quio"},"content":{"rendered":"\n<p>Em entrevista exclusiva ao portal Brasil61.com, o secret\u00e1rio-executivo adjunto do Minist\u00e9rio de Minas e Energia, afirmou que outro objetivo \u00e9 tornar o produto mais barato para quem, de fato, utiliza<\/p>\n\n\n\n<p>A aprova\u00e7\u00e3o do projeto de lei que trata da <a href=\"https:\/\/www25.senado.leg.br\/web\/atividade\/materias\/-\/materia\/144582\">Nova Lei do G\u00e1s Natural<\/a> vai possibilitar a queda nos pre\u00e7os do produto. \u00c9 o que garante o secret\u00e1rio-executivo adjunto do <a href=\"http:\/\/www.mme.gov.br\/\">Minist\u00e9rio de Minas e Energia<\/a>, Bruno Eust\u00e1quio de Carvalho. Em entrevista exclusiva ao portal Brasil61.com, ele explicou que essa consequ\u00eancia se dar\u00e1 por meio da abertura de mercado no setor.<\/p>\n\n\n\n<p>Na avali\u00e7\u00e3o de Eust\u00e1quio, a expectativa \u00e9 de que este processo, que deve ocorrer de forma gradativa, possa trazer investimento da ondem de R$ 43 bilh\u00f5es em infraestrutura e, ao mesmo tempo, gerar mais de 33 mil empregos ao longo dos pr\u00f3ximos 10 anos.<\/p>\n\n\n\n<p>\u201cNossa expectativa \u00e9 que, com a aprova\u00e7\u00e3o desta lei, tenhamos um mercado aberto, din\u00e2mico e competitivo. Na medida em que voc\u00ea abre todo o mercado, s\u00e3o criadas condi\u00e7\u00f5es para que o g\u00e1s com pre\u00e7o mais barato seja ofertado a quem de fato utiliza, sobretudo a ind\u00fastria. O racional de constru\u00e7\u00e3o dessa pol\u00edtica do novo mercado de g\u00e1s pressup\u00f5e essa abertura, pela qual esperamos alcan\u00e7ar pre\u00e7os mais adequados\u201d, considerou.<\/p>\n\n\n\n<p>O \u00faltimo boletim sobre a produ\u00e7\u00e3o de petr\u00f3leo e g\u00e1s natural divulgado pela Ag\u00eancia Nacional do Petr\u00f3leo, G\u00e1s Natural e Biocombust\u00edveis <a href=\"https:\/\/www.gov.br\/anp\/pt-br\">(ANP)<\/a> aponta que a Petrobras \u00e9 respons\u00e1vel pela opera\u00e7\u00e3o de mais de 90% de toda a produ\u00e7\u00e3o de g\u00e1s natural, al\u00e9m de administrar a maioria dos campos de g\u00e1s, gasodutos, termel\u00e9tricas, transportadoras, distribuidoras e revendedoras.<\/p>\n\n\n\n<p>Esse cen\u00e1rio, segundo Bruno Eust\u00e1quio de Carvalho, \u00e9 o principal ponto que se pretende mudar com a aprova\u00e7\u00e3o da nova legisla\u00e7\u00e3o. Ele entende que, com a entrada de novos atores nesse mercado aumentar\u00e1 a competitividade, o que influencia diretamente no pre\u00e7o do produto.<\/p>\n\n\n\n<p>\u201cVoc\u00ea n\u00e3o consegue trazer elementos de competitividade que possam refletir na tarifa do g\u00e1s natural. A nossa principal motiva\u00e7\u00e3o \u00e9 abrir a cadeia do mercado de g\u00e1s, permitindo a entrada de outros agentes na produ\u00e7\u00e3o, nas infraestruturas essenciais e no transporte, por exemplo. Quando voc\u00ea permite essa abertura, automaticamente se traz competitividade, que implica em reflexos da composi\u00e7\u00e3o dos pre\u00e7os que ser\u00e1 ofertado ao consumidor final\u201d, destacou.<\/p>\n\n\n\n<p>Eust\u00e1quio lembrou, ainda, que o servi\u00e7o de g\u00e1s canalizado \u00e9 uma atribui\u00e7\u00e3o dada pela Constitui\u00e7\u00e3o Federal aos estados brasileiros. Na entrevista, ele afirmou que, a partir do momento em que h\u00e1 todo o processo de distribui\u00e7\u00e3o de g\u00e1s canalizado, essa atividade \u00e9 de compet\u00eancia das respectivas Unidades da Federa\u00e7\u00e3o, as quais ser\u00e3o beneficiadas economicamente com a abertura desse mercado.<\/p>\n\n\n\n<p>\u201cEstudos da FGV apontam incrementos na arrecada\u00e7\u00e3o dos estados via ICMS, com a abertura do mercado de g\u00e1s. N\u00f3s temos, de certa forma, toda a movimenta\u00e7\u00e3o da cadeia de g\u00e1s e, consequentemente, a gera\u00e7\u00e3o de investimento e recolhimento de ICMS pelos estados. A expectativa \u00e9 de que, nos pr\u00f3ximos 10 anos, se tenha o mesmo crescimento adicional de 3% na arrecada\u00e7\u00e3o dos estados com a abertura do mercado de g\u00e1s\u201d, pontuou.<\/p>\n\n\n\n<figure class=\"wp-block-image\"><img decoding=\"async\" src=\"\/\/s3-sa-east-1.amazonaws.com\/agencia-radio-arb\/3065\/content_mercado-de-gas_%283%29.png\" alt=\"\" title=\"Brasil 61\"\/><\/figure>\n\n\n\n<p>O secret\u00e1rio-executivo adjunto do Minist\u00e9rio de Minas e Energia tamb\u00e9m ressaltou que a ind\u00fastria tem um papel fundamental no processo utiliza\u00e7\u00e3o do g\u00e1s natural. Ele explicou que h\u00e1 um interesse do setor no barateamento do produto, j\u00e1 que isso tornar\u00e1 a cadeia de produ\u00e7\u00e3o mais em conta, o que beneficia diretamente o consumidor final, que passar\u00e1 a comprar mais.<\/p>\n\n\n\n<p>\u201cEntre 30% e 50% do custo da ind\u00fastria est\u00e1 associado \u00e0 energia. Na medida em que voc\u00ea propicia um g\u00e1s mais barato para a ind\u00fastria, automaticamente se tem uma redu\u00e7\u00e3o do custo de produ\u00e7\u00e3o e, consequentemente, o repasse de tudo isso para o consumidor na ponta. Sem sombra de d\u00favida, a ind\u00fastria, enquanto o maior consumidor do g\u00e1s natural, \u00e9 a for\u00e7a vida que tem sido fundamental neste processo de constru\u00e7\u00e3o e sensibiliza\u00e7\u00e3o junto ao Congresso Nacional\u201d, avaliou.<\/p>\n\n\n\n<p><a href=\"https:\/\/brasil61.com\/noticias\/perdemos-um-terco-da-estrutura-produtiva-nossa-retomada-vai-depender-do-aumento-do-consumo-no-brasil-diz-coordenadora-de-inteligencia-de-mercado-da-abicalcados-bras202324\"><strong>\u201cPerdemos um ter\u00e7o da estrutura produtiva. Nossa retomada vai depender do aumento do consumo no Brasil\u201d, diz coordenadora de Intelig\u00eancia de Mercado da Abical\u00e7ados<\/strong><\/a><\/p>\n\n\n\n<p>Na ocasi\u00e3o, Bruno Eust\u00e1quio comentou sobre o programa Novo Mercado de G\u00e1s, do Governo Federal. Ele afirmou que se trata de uma iniciativa que visa \u00e0 forma\u00e7\u00e3o de um mercado de g\u00e1s natural aberto, din\u00e2mico e competitivo, promovendo condi\u00e7\u00f5es para redu\u00e7\u00e3o do seu pre\u00e7o e, com isso, contribuir para o desenvolvimento econ\u00f4mico do Pa\u00eds.<\/p>\n\n\n\n<p>O programa \u00e9 coordenado pelo Minist\u00e9rio de Minas e Energia e desenvolvido em conjunto com a Casa Civil da Presid\u00eancia da Rep\u00fablica, o Minist\u00e9rio da Economia, a Ag\u00eancia Nacional do Petr\u00f3leo, G\u00e1s Natural e Biocombust\u00edveis (ANP), a Empresa de Pesquisa Energ\u00e9tica (EPE) e o Conselho Administrativo de Defesa Econ\u00f4mica (Cade).<\/p>\n\n\n\n<figure class=\"wp-block-embed-youtube wp-block-embed is-type-rich is-provider-incorporar-manipulador wp-embed-aspect-16-9 wp-has-aspect-ratio\"><div class=\"wp-block-embed__wrapper\">\n<iframe loading=\"lazy\" title=\"Entrevistado da semana _ Secret\u00e1rio-executivo adjunto do MME Bruno Eust\u00e1quio de Carvalho\" width=\"640\" height=\"360\" src=\"https:\/\/www.youtube.com\/embed\/AWX6PiNTBFM?feature=oembed\" frameborder=\"0\" allow=\"accelerometer; autoplay; clipboard-write; encrypted-media; gyroscope; picture-in-picture; web-share\" referrerpolicy=\"strict-origin-when-cross-origin\" allowfullscreen><\/iframe>\n<\/div><\/figure>\n\n\n\n<p>Fonte: <a href=\"https:\/\/brasil61.com\/noticias\/abertura-do-mercado-de-gas-natural-pode-gerar-mais-de-33-mil-empregos-nos-proximos-10-anos-afirma-bruno-eustaquio-bras202407?email=bethdeoliveira@yahoo.com.br&amp;utm_source=newsletter&amp;utm_medium=newsletter&amp;utm_campaign=newsletter\" target=\"_blank\" rel=\"noreferrer noopener\">Brasil 61<\/a><\/p>\n","protected":false},"excerpt":{"rendered":"<p>Em entrevista exclusiva ao portal Brasil61.com, o secret\u00e1rio-executivo adjunto do Minist\u00e9rio de Minas e Energia,<\/p>\n","protected":false},"author":2,"featured_media":4388,"comment_status":"open","ping_status":"open","sticky":false,"template":"","format":"standard","meta":{"footnotes":""},"categories":[18],"tags":[],"class_list":["post-4386","post","type-post","status-publish","format-standard","has-post-thumbnail","hentry","category-economia"],"_links":{"self":[{"href":"https:\/\/tvc16.com\/portal\/wp-json\/wp\/v2\/posts\/4386","targetHints":{"allow":["GET"]}}],"collection":[{"href":"https:\/\/tvc16.com\/portal\/wp-json\/wp\/v2\/posts"}],"about":[{"href":"https:\/\/tvc16.com\/portal\/wp-json\/wp\/v2\/types\/post"}],"author":[{"embeddable":true,"href":"https:\/\/tvc16.com\/portal\/wp-json\/wp\/v2\/users\/2"}],"replies":[{"embeddable":true,"href":"https:\/\/tvc16.com\/portal\/wp-json\/wp\/v2\/comments?post=4386"}],"version-history":[{"count":1,"href":"https:\/\/tvc16.com\/portal\/wp-json\/wp\/v2\/posts\/4386\/revisions"}],"predecessor-version":[{"id":4389,"href":"https:\/\/tvc16.com\/portal\/wp-json\/wp\/v2\/posts\/4386\/revisions\/4389"}],"wp:featuredmedia":[{"embeddable":true,"href":"https:\/\/tvc16.com\/portal\/wp-json\/wp\/v2\/media\/4388"}],"wp:attachment":[{"href":"https:\/\/tvc16.com\/portal\/wp-json\/wp\/v2\/media?parent=4386"}],"wp:term":[{"taxonomy":"category","embeddable":true,"href":"https:\/\/tvc16.com\/portal\/wp-json\/wp\/v2\/categories?post=4386"},{"taxonomy":"post_tag","embeddable":true,"href":"https:\/\/tvc16.com\/portal\/wp-json\/wp\/v2\/tags?post=4386"}],"curies":[{"name":"wp","href":"https:\/\/api.w.org\/{rel}","templated":true}]}}