{"id":439,"date":"2020-09-15T00:37:00","date_gmt":"2020-09-15T00:37:00","guid":{"rendered":"https:\/\/tvc16.com\/portal\/?p=439"},"modified":"2020-09-15T00:49:49","modified_gmt":"2020-09-15T00:49:49","slug":"cidadania-23-e-rede-sustentabilidade-confirmam-as-candidaturas","status":"publish","type":"post","link":"https:\/\/tvc16.com\/portal\/2020\/09\/15\/cidadania-23-e-rede-sustentabilidade-confirmam-as-candidaturas\/","title":{"rendered":"Cidadania 23 e Rede Sustentabilidade 18 confirmam as candidaturas"},"content":{"rendered":"\n<p>Prefeito, Alexandre Gurgel e seu vice-prefeito Dr. Jeferson Evangelista<\/p>\n\n\n\n<p>Em clima de festa, os partidos Cidadania 23 e Rede Sustentabilidade 18 confirmaram, no \u00faltimo domingo (13), os nomes do professor e gestor Alexandre Gurgel (Cidadania) como candidato a prefeito e do m\u00e9dico Dr. Jeferson Evangelista (Rede) para compor como seu vice. Durante a conven\u00e7\u00e3o municipal, que aconteceu no Vale do Cuiab\u00e1, foi homologada a coliga\u00e7\u00e3o na majorit\u00e1ria entre os dois partidos para as Elei\u00e7\u00f5es 2020 com o nome&nbsp;\u201cPor uma cidade humana, acolhedora e pr\u00f3spera\u201d. O evento tamb\u00e9m oficializou os&nbsp;nomes dos candidatos a vereador das duas siglas, sendo 23 candidatos de cada partido.<\/p>\n\n\n\n<p>Alexandre Gurgel \u00e9 casado, tem 52 anos e um filho. Atual presidente do diret\u00f3rio municipal do Cidadania23, Gurgel \u00e9 mestre em Administra\u00e7\u00e3o, especialista em gest\u00e3o, professor, executivo e consultor de empresas, tendo ocupado cargos de lideran\u00e7a em organiza\u00e7\u00f5es p\u00fablicas e na iniciativa privada. Para esta elei\u00e7\u00e3o, o candidato tem total apoio do Rede Sustentabilidade18, partido presidido em Petr\u00f3polis por&nbsp; Carlos Eduardo Porto.<\/p>\n\n\n\n<p>&nbsp;&nbsp;&nbsp;&nbsp;&nbsp;&nbsp;&nbsp;&nbsp; \u201cPetr\u00f3polis \u00e9 uma cidade espetacular. Foi uma das ind\u00fastrias t\u00eaxteis mais importantes do pa\u00eds at\u00e9 a d\u00e9cada de 1970.&nbsp;Nos \u00faltimos 40 anos, a cidade parou: n\u00e3o tem mais ind\u00fastria, n\u00e3o tem mais emprego, n\u00e3o faz investimento em infraestrutura. N\u00e3o vimos o \u00faltimo governo acontecer, enquanto vereadores eram afastados por corrup\u00e7\u00e3o. Chega! Est\u00e1 na hora de mudarmos a trajet\u00f3ria de Petr\u00f3polis. Essa \u00e9 a nossa miss\u00e3o\u201d, declarou Alexandre Gurgel, antecipando que seu projeto de governo prop\u00f5e uma nova era para a gest\u00e3o do munic\u00edpio.<\/p>\n\n\n\n<p>&nbsp;&nbsp;&nbsp;&nbsp;&nbsp;&nbsp;&nbsp;&nbsp; A candidatura de Alexandre Gurgel tem o apoio do presidente estadual do Cidadania23, Comte Bittecourt. Para ele, Gurgel est\u00e1 dando a oportunidade de uma candidatura alinhada com a vis\u00e3o do partido: \u201cPrecisamos ter um governo com vis\u00e3o estrat\u00e9gica, um governo moderno, que possa pensar a cidade para o futuro e n\u00e3o por apenas quatro anos. As \u00faltimas gest\u00f5es que por aqui passaram tiveram uma vis\u00e3o imediatista\u201d, apontou.<\/p>\n\n\n\n<p>&nbsp;&nbsp;&nbsp;&nbsp;&nbsp;&nbsp;&nbsp;&nbsp; O candidato a vice-prefeito, Dr. Jeferson Evangelista, \u00e9 m\u00e9dico h\u00e1 32 anos, casado e tem dois filhos. Iniciou sua carreira e trabalhou por anos no Hospital Municipal Nelson de S\u00e1 Earp (HMNSE). Tem longa experi\u00eancia no servi\u00e7o p\u00fablico onde foi, por 30 anos, perito da Medicina Legal, sendo seu \u00faltimo cargo m\u00e9dico perito da Pol\u00edcia Federal.<\/p>\n\n\n\n<p>&nbsp;&nbsp;&nbsp;&nbsp;&nbsp;&nbsp;&nbsp;&nbsp; \u201cEstamos nos colocando \u00e0 disposi\u00e7\u00e3o para oferecermos uma op\u00e7\u00e3o de rea\u00e7\u00e3o a essa anarquiza\u00e7\u00e3o da pol\u00edtica no Brasil e em nossa cidade. Quero retribuir \u00e0 sociedade as oportunidades que eu tive de vencer na vida. Vejo a pol\u00edtica e a administra\u00e7\u00e3o p\u00fablica de nosso munic\u00edpio carentes de novas lideran\u00e7as e de pessoas do bem que se disponham a lutar pelo certo e pelo o que \u00e9 justo para a sociedade que iremos representar\u201d, declarou Evangelista. &nbsp;<\/p>\n\n\n\n<ul class=\"wp-block-list\"><li><\/li><\/ul>\n","protected":false},"excerpt":{"rendered":"<p>Prefeito, Alexandre Gurgel e seu vice-prefeito Dr. Jeferson Evangelista Em clima de festa, os partidos<\/p>\n","protected":false},"author":2,"featured_media":454,"comment_status":"open","ping_status":"open","sticky":false,"template":"","format":"standard","meta":{"footnotes":""},"categories":[12],"tags":[],"class_list":["post-439","post","type-post","status-publish","format-standard","has-post-thumbnail","hentry","category-cidade"],"_links":{"self":[{"href":"https:\/\/tvc16.com\/portal\/wp-json\/wp\/v2\/posts\/439","targetHints":{"allow":["GET"]}}],"collection":[{"href":"https:\/\/tvc16.com\/portal\/wp-json\/wp\/v2\/posts"}],"about":[{"href":"https:\/\/tvc16.com\/portal\/wp-json\/wp\/v2\/types\/post"}],"author":[{"embeddable":true,"href":"https:\/\/tvc16.com\/portal\/wp-json\/wp\/v2\/users\/2"}],"replies":[{"embeddable":true,"href":"https:\/\/tvc16.com\/portal\/wp-json\/wp\/v2\/comments?post=439"}],"version-history":[{"count":4,"href":"https:\/\/tvc16.com\/portal\/wp-json\/wp\/v2\/posts\/439\/revisions"}],"predecessor-version":[{"id":453,"href":"https:\/\/tvc16.com\/portal\/wp-json\/wp\/v2\/posts\/439\/revisions\/453"}],"wp:featuredmedia":[{"embeddable":true,"href":"https:\/\/tvc16.com\/portal\/wp-json\/wp\/v2\/media\/454"}],"wp:attachment":[{"href":"https:\/\/tvc16.com\/portal\/wp-json\/wp\/v2\/media?parent=439"}],"wp:term":[{"taxonomy":"category","embeddable":true,"href":"https:\/\/tvc16.com\/portal\/wp-json\/wp\/v2\/categories?post=439"},{"taxonomy":"post_tag","embeddable":true,"href":"https:\/\/tvc16.com\/portal\/wp-json\/wp\/v2\/tags?post=439"}],"curies":[{"name":"wp","href":"https:\/\/api.w.org\/{rel}","templated":true}]}}