{"id":4390,"date":"2020-10-30T20:48:27","date_gmt":"2020-10-30T20:48:27","guid":{"rendered":"https:\/\/tvc16.com\/portal\/?p=4390"},"modified":"2020-10-30T20:49:34","modified_gmt":"2020-10-30T20:49:34","slug":"chuva-e-temperatura-mais-amena-e-a-previsao-para-o-fim-de-semana-em-petropolis","status":"publish","type":"post","link":"https:\/\/tvc16.com\/portal\/2020\/10\/30\/chuva-e-temperatura-mais-amena-e-a-previsao-para-o-fim-de-semana-em-petropolis\/","title":{"rendered":"Chuva e temperatura mais amena \u00e9 a previs\u00e3o do tempo para o fim de semana em Petr\u00f3polis"},"content":{"rendered":"\n<p>O feriado prolongado veio junto com a virada do tempo. Muitas pessoas se programaram para viajar, mas em Petr\u00f3polis, a chuva j\u00e1 \u00e9 velha conhecida e n\u00e3o afasta os turistas. o setor hoteleiro j\u00e1 confirma 90% de ocupa\u00e7\u00e3o. Com o tempo mais fresco, quem gosta de uma boa gastronomia e o ar fresco da Serra, j\u00e1 est\u00e1 comemorando. J\u00e1 para quem saiu do trabalho no fim da tarde enfrentou muita chuva e tr\u00e2nsito lento.<\/p>\n\n\n\n<p><img loading=\"lazy\" decoding=\"async\" width=\"40\" height=\"40\" alt=\"Chuvoso\" src=\"https:\/\/www.climatempo.com.br\/dist\/images\/v2\/5.png\"><img loading=\"lazy\" decoding=\"async\" width=\"10\" height=\"10\" src=\"https:\/\/www.climatempo.com.br\/dist\/images\/gota-cinza.png\" alt=\"\"><\/p>\n\n\n\n<figure class=\"wp-block-image size-large\"><img loading=\"lazy\" decoding=\"async\" width=\"1024\" height=\"1024\" src=\"https:\/\/tvc16.com\/portal\/wp-content\/uploads\/2020\/10\/IMG_2020-10-30_17-29-06-1024x1024.jpg\" alt=\"\" class=\"wp-image-4391\" srcset=\"https:\/\/tvc16.com\/portal\/wp-content\/uploads\/2020\/10\/IMG_2020-10-30_17-29-06-1024x1024.jpg 1024w, https:\/\/tvc16.com\/portal\/wp-content\/uploads\/2020\/10\/IMG_2020-10-30_17-29-06-300x300.jpg 300w, https:\/\/tvc16.com\/portal\/wp-content\/uploads\/2020\/10\/IMG_2020-10-30_17-29-06-150x150.jpg 150w, https:\/\/tvc16.com\/portal\/wp-content\/uploads\/2020\/10\/IMG_2020-10-30_17-29-06-768x768.jpg 768w, https:\/\/tvc16.com\/portal\/wp-content\/uploads\/2020\/10\/IMG_2020-10-30_17-29-06.jpg 1080w\" sizes=\"auto, (max-width: 1024px) 100vw, 1024px\" \/><figcaption>fotos: Luciana Lamela<\/figcaption><\/figure>\n\n\n\n<p>O tempo neste s\u00e1bado ser\u00e1 chuvoso durante o dia e \u00e0 noite. M\u00ednima de 13 e m\u00e1xima de 19 graus. Domingo n\u00e3o ser\u00e1 muito diferente. J\u00e1 na segunda-feira a previs\u00e3o \u00e9 de tempo nublado com possibilidade de sol a tarde.<\/p>\n","protected":false},"excerpt":{"rendered":"<p>O feriado prolongado veio junto com a virada do tempo. Muitas pessoas se programaram para<\/p>\n","protected":false},"author":2,"featured_media":4392,"comment_status":"open","ping_status":"open","sticky":false,"template":"","format":"standard","meta":{"footnotes":""},"categories":[12],"tags":[],"class_list":["post-4390","post","type-post","status-publish","format-standard","has-post-thumbnail","hentry","category-cidade"],"_links":{"self":[{"href":"https:\/\/tvc16.com\/portal\/wp-json\/wp\/v2\/posts\/4390","targetHints":{"allow":["GET"]}}],"collection":[{"href":"https:\/\/tvc16.com\/portal\/wp-json\/wp\/v2\/posts"}],"about":[{"href":"https:\/\/tvc16.com\/portal\/wp-json\/wp\/v2\/types\/post"}],"author":[{"embeddable":true,"href":"https:\/\/tvc16.com\/portal\/wp-json\/wp\/v2\/users\/2"}],"replies":[{"embeddable":true,"href":"https:\/\/tvc16.com\/portal\/wp-json\/wp\/v2\/comments?post=4390"}],"version-history":[{"count":2,"href":"https:\/\/tvc16.com\/portal\/wp-json\/wp\/v2\/posts\/4390\/revisions"}],"predecessor-version":[{"id":4394,"href":"https:\/\/tvc16.com\/portal\/wp-json\/wp\/v2\/posts\/4390\/revisions\/4394"}],"wp:featuredmedia":[{"embeddable":true,"href":"https:\/\/tvc16.com\/portal\/wp-json\/wp\/v2\/media\/4392"}],"wp:attachment":[{"href":"https:\/\/tvc16.com\/portal\/wp-json\/wp\/v2\/media?parent=4390"}],"wp:term":[{"taxonomy":"category","embeddable":true,"href":"https:\/\/tvc16.com\/portal\/wp-json\/wp\/v2\/categories?post=4390"},{"taxonomy":"post_tag","embeddable":true,"href":"https:\/\/tvc16.com\/portal\/wp-json\/wp\/v2\/tags?post=4390"}],"curies":[{"name":"wp","href":"https:\/\/api.w.org\/{rel}","templated":true}]}}