{"id":4395,"date":"2020-10-30T20:54:30","date_gmt":"2020-10-30T20:54:30","guid":{"rendered":"https:\/\/tvc16.com\/portal\/?p=4395"},"modified":"2020-10-30T20:54:30","modified_gmt":"2020-10-30T20:54:30","slug":"guedes-rechaca-intencao-do-governo-federal-em-privatizar-o-sus","status":"publish","type":"post","link":"https:\/\/tvc16.com\/portal\/2020\/10\/30\/guedes-rechaca-intencao-do-governo-federal-em-privatizar-o-sus\/","title":{"rendered":"Guedes recha\u00e7a inten\u00e7\u00e3o do Governo Federal em privatizar o SUS"},"content":{"rendered":"\n<p>Na comiss\u00e3o do Congresso que discute a\u00e7\u00f5es contra o coronav\u00edrus, o ministro tamb\u00e9m disse que a economia brasileira come\u00e7ar a reagir \u00e0 pandemia<\/p>\n\n\n\n<p>O ministro da Economia, Paulo Guedes, afirmou nesta quinta-feira (29) que o governo federal nunca teve a inten\u00e7\u00e3o de privatizar o Sistema \u00danico de Sa\u00fade (SUS). Na manh\u00e3 da \u00faltima quarta-feira (28), o presidente Jair Bolsonaro havia publicado um decreto que permitia que o Minist\u00e9rio da Economia fizesse estudos sobre a inclus\u00e3o de Unidades B\u00e1sicas de Sa\u00fade (UBS) no Programa de Parcerias de Investimentos da Presid\u00eancia da Rep\u00fablica (PPI).&nbsp;<\/p>\n\n\n\n<p>A declara\u00e7\u00e3o de Guedes foi dada na comiss\u00e3o mista do Congresso Nacional que discute as a\u00e7\u00f5es de combate ao novo coronav\u00edrus. Diante da repercuss\u00e3o negativa da publica\u00e7\u00e3o, Bolsonaro revogou o decreto no mesmo dia. Mesmo assim, os integrantes quiseram ouvir explica\u00e7\u00f5es de Paulo Guedes sobre a poss\u00edvel privatiza\u00e7\u00e3o do SUS.<\/p>\n\n\n\n<p>Guedes disse que &#8220;jamais esteve sob an\u00e1lise privatizar o SUS\u201d e que \u201cseria uma insanidade falar isso\u201d. Ele explicou que os decreto visava apenas promover a realiza\u00e7\u00e3o de estudos para que a iniciativa privada pudesse concluir obras inacabadas de UBSs e Unidades de Pronto Atendimento (UPAs).&nbsp;<\/p>\n\n\n\n<p>\u201cIsso deve ter sido uma dessas in\u00fameras decis\u00f5es que n\u00f3s tomamos por dia, que chegam aqui. As coisas que s\u00e3o decisivas v\u00e3o para o Congresso s\u00e3o examinadas. Uma privatiza\u00e7\u00e3o do SUS teria que ir para o Congresso e o Supremo tamb\u00e9m teria que opinar\u201d, explicou o titular da pasta.&nbsp;<\/p>\n\n\n\n<p><strong><a href=\"https:\/\/brasil61.com\/noticias\/prorrogado-prazo-de-inscricao-no-cadastro-unico-para-beneficiarios-do-bpc-bras202378\" target=\"_blank\" rel=\"noreferrer noopener\">Prorrogado prazo de inscri\u00e7\u00e3o no Cadastro \u00danico para benefici\u00e1rios do BPC<\/a><\/strong><\/p>\n\n\n\n<p><strong><a href=\"https:\/\/brasil61.com\/noticias\/retorno-as-aulas-r-454-milhoes-sao-repassados-aos-municipios-para-combater-a-covid-19-bras201779\" target=\"_blank\" rel=\"noreferrer noopener\">Retorno \u00e0s aulas: R$ 454 milh\u00f5es s\u00e3o repassados aos munic\u00edpios para combater a Covid-19<\/a><\/strong><\/p>\n\n\n\n<p>O ministro tamb\u00e9m aproveitou a presen\u00e7a no Congresso para ressaltar que o governo federal tem se esfor\u00e7ado para diminuir os impactos econ\u00f4micos da pandemia no setor produtivo, na gera\u00e7\u00e3o de empregos e na concess\u00e3o de benef\u00edcios sociais. De acordo com ele, a concess\u00e3o do aux\u00edlio emergencial possibilitou o aumento da renda de boa parte das fam\u00edlias brasileiras.&nbsp;<\/p>\n\n\n\n<p>\u201cUma fam\u00edlia, por exemplo, com dois ou tr\u00eas membros, que viviam com R$ 200, com [o aux\u00edlio] cada um passou a receber R$ 600. Ent\u00e3o, a fam\u00edlia passou a ganhar R$ 1,8 mil.\u201d<\/p>\n\n\n\n<figure class=\"wp-block-image\"><img decoding=\"async\" src=\"\/\/s3-sa-east-1.amazonaws.com\/agencia-radio-arb\/3062\/content_WhatsApp_Image_2020-10-29_at_15.16.45.jpeg\" alt=\"\"\/><\/figure>\n\n\n\n<h2 class=\"wp-block-heading\">Retomada<\/h2>\n\n\n\n<p>No entanto, Paulo Guedes disse que os programas sociais precisam ser reduzidos, conforme os casos da Covid-19 desaceleram. Al\u00e9m disso, ele afirmou que a economia brasileira e a gera\u00e7\u00e3o de empregos come\u00e7am a dar sinais de recupera\u00e7\u00e3o.&nbsp;<\/p>\n\n\n\n<p>Fonte: <a href=\"https:\/\/brasil61.com\/noticias\/guedes-rechaca-intencao-do-governo-federal-em-privatizar-o-sus-bras202404?email=bethdeoliveira@yahoo.com.br&amp;utm_source=newsletter&amp;utm_medium=newsletter&amp;utm_campaign=newsletter\" target=\"_blank\" rel=\"noreferrer noopener\">Brasil 61<\/a><\/p>\n","protected":false},"excerpt":{"rendered":"<p>Na comiss\u00e3o do Congresso que discute a\u00e7\u00f5es contra o coronav\u00edrus, o ministro tamb\u00e9m disse que<\/p>\n","protected":false},"author":2,"featured_media":4396,"comment_status":"open","ping_status":"open","sticky":false,"template":"","format":"standard","meta":{"footnotes":""},"categories":[14],"tags":[],"class_list":["post-4395","post","type-post","status-publish","format-standard","has-post-thumbnail","hentry","category-pais"],"_links":{"self":[{"href":"https:\/\/tvc16.com\/portal\/wp-json\/wp\/v2\/posts\/4395","targetHints":{"allow":["GET"]}}],"collection":[{"href":"https:\/\/tvc16.com\/portal\/wp-json\/wp\/v2\/posts"}],"about":[{"href":"https:\/\/tvc16.com\/portal\/wp-json\/wp\/v2\/types\/post"}],"author":[{"embeddable":true,"href":"https:\/\/tvc16.com\/portal\/wp-json\/wp\/v2\/users\/2"}],"replies":[{"embeddable":true,"href":"https:\/\/tvc16.com\/portal\/wp-json\/wp\/v2\/comments?post=4395"}],"version-history":[{"count":1,"href":"https:\/\/tvc16.com\/portal\/wp-json\/wp\/v2\/posts\/4395\/revisions"}],"predecessor-version":[{"id":4397,"href":"https:\/\/tvc16.com\/portal\/wp-json\/wp\/v2\/posts\/4395\/revisions\/4397"}],"wp:featuredmedia":[{"embeddable":true,"href":"https:\/\/tvc16.com\/portal\/wp-json\/wp\/v2\/media\/4396"}],"wp:attachment":[{"href":"https:\/\/tvc16.com\/portal\/wp-json\/wp\/v2\/media?parent=4395"}],"wp:term":[{"taxonomy":"category","embeddable":true,"href":"https:\/\/tvc16.com\/portal\/wp-json\/wp\/v2\/categories?post=4395"},{"taxonomy":"post_tag","embeddable":true,"href":"https:\/\/tvc16.com\/portal\/wp-json\/wp\/v2\/tags?post=4395"}],"curies":[{"name":"wp","href":"https:\/\/api.w.org\/{rel}","templated":true}]}}