{"id":4398,"date":"2020-10-30T20:56:24","date_gmt":"2020-10-30T20:56:24","guid":{"rendered":"https:\/\/tvc16.com\/portal\/?p=4398"},"modified":"2020-10-30T20:56:24","modified_gmt":"2020-10-30T20:56:24","slug":"estudo-aponta-letalidade-de-023-de-pacientes-com-covid-19","status":"publish","type":"post","link":"https:\/\/tvc16.com\/portal\/2020\/10\/30\/estudo-aponta-letalidade-de-023-de-pacientes-com-covid-19\/","title":{"rendered":"Estudo aponta letalidade de 0,23% de pacientes com Covid-19"},"content":{"rendered":"\n<p>Entre os doentes com menos de 70 anos, \u00edndice \u00e9 ainda menor, alcan\u00e7ando 0,05%<\/p>\n\n\n\n<p>Um trabalho cient\u00edfico realizado na Universidade de Stanford, nos Estados Unidos, revelou uma taxa de letalidade da Covid-19 abaixo da constatada h\u00e1 alguns meses. Segundo o <a href=\"https:\/\/www.who.int\/bulletin\/online_first\/BLT.20.265892.pdf\" target=\"_blank\" rel=\"noreferrer noopener\">estudo<\/a>, publicado pelo professor de epidemiologia John Ioannidis, em m\u00e9dia 0,23% dos pacientes infectados pela doen\u00e7a morrem. Anteriormente, esse percentual era estimado em 4%. Com rela\u00e7\u00e3o as pessoas com menos de 70 anos de idade, a letalidade cai para 0,05%.<\/p>\n\n\n\n<p>Com a exce\u00e7\u00e3o de alguns atividades, como a promo\u00e7\u00e3o de festas e eventos sociais, boa parte dos estados e munic\u00edpios brasileiros j\u00e1 se esfor\u00e7am para retomar \u00e0 normalidade que havia antes da pandemia. O epidemiologista Walter Ramalho, professor do curso de Sa\u00fade Coletiva na Universidade de Bras\u00edlia (UnB), acredita que a volta a uma rotina como havia antes da pandemia s\u00f3 poder\u00e1 ser presenciada com o advento de uma vacina contra o coronav\u00edrus.<\/p>\n\n\n\n<p>\u201cPode-se dizer que a volta dessa normalidade est\u00e1 condicionada ao surgimento de uma vacina eficaz que possa imunizar as pessoas. Eu n\u00e3o vejo outra forma [sen\u00e3o essa] de uma socializa\u00e7\u00e3o maior das pessoas que n\u00e3o seja com a produ\u00e7\u00e3o de um imunizante\u201d, explica.<\/p>\n\n\n\n<p><strong><a href=\"https:\/\/brasil61.com\/noticias\/covid-19-centros-imunologicos-recebem-incentivo-de-r-113-milhoes-bras202348\" target=\"_blank\" rel=\"noreferrer noopener\">COVID-19: Centros Imunol\u00f3gicos recebem incentivo de R$ 113 milh\u00f5es<\/a><\/strong><\/p>\n\n\n\n<p><strong><a href=\"https:\/\/brasil61.com\/noticias\/usuarios-frequentes-do-sus-avaliam-melhor-os-servicos-de-atencao-primaria-a-saude-bras202361\" target=\"_blank\" rel=\"noreferrer noopener\">Usu\u00e1rios frequentes do SUS avaliam melhor os servi\u00e7os de Aten\u00e7\u00e3o Prim\u00e1ria \u00e0 Sa\u00fade<\/a><\/strong><\/p>\n\n\n\n<p>Segundo o Minist\u00e9rio da Sa\u00fade, a taxa de letalidade do novo coronav\u00edrus no Brasil \u00e9 de 2,9%. At\u00e9 a \u00faltima ter\u00e7a-feira (27), a mortalidade da doen\u00e7a, era de 75,2 \u00f3bitos a cada 100 mil habitantes.<\/p>\n\n\n\n<p>Com o n\u00famero de mortes se aproximando a 160 mil, Walter Ramalho afirma que o poder p\u00fablico brasileiro falhou ao n\u00e3o somar esfor\u00e7os para aprimorar a rede de aten\u00e7\u00e3o prim\u00e1ria durante a pandemia. \u201cA aten\u00e7\u00e3o prim\u00e1ria do SUS deveria ter sido acionada desde o come\u00e7o da pandemia. Quando algu\u00e9m \u00e9 diagnosticado com o coronav\u00edrus, esse paciente precisa ser monitorado para que o cont\u00e1gio a outras pessoas seja evitado.\u201d<\/p>\n\n\n\n<figure class=\"wp-block-image\"><img decoding=\"async\" src=\"\/\/s3-sa-east-1.amazonaws.com\/agencia-radio-arb\/3063\/content_WhatsApp_Image_2020-10-28_at_16.15.16.jpeg\" alt=\"\"\/><\/figure>\n\n\n\n<p>Diante da segunda onda de contamina\u00e7\u00e3o da Covid-19 que atinge alguns pa\u00edses da Europa e da incerteza do surgimento de uma vacina contra a enfermidade, eventos tradicionais, como o desfile das escolas de samba do Rio de Janeiro est\u00e3o sem data definida para ocorrer. A previs\u00e3o mais otimista de finaliza\u00e7\u00e3o e distribui\u00e7\u00e3o do imunizante \u00e9 feita pelo governo de S\u00e3o Paulo, que estima que a vacina estar\u00e1 dispon\u00edvel em dezembro.<\/p>\n\n\n\n<p>Fonte: <a href=\"https:\/\/brasil61.com\/noticias\/estudo-aponta-letalidade-de-0-23-de-pacientes-com-covid-19-bras202405?email=bethdeoliveira@yahoo.com.br&amp;utm_source=newsletter&amp;utm_medium=newsletter&amp;utm_campaign=newsletter\" target=\"_blank\" rel=\"noreferrer noopener\">Brasil 61<\/a><\/p>\n","protected":false},"excerpt":{"rendered":"<p>Entre os doentes com menos de 70 anos, \u00edndice \u00e9 ainda menor, alcan\u00e7ando 0,05% Um<\/p>\n","protected":false},"author":2,"featured_media":4399,"comment_status":"open","ping_status":"open","sticky":false,"template":"","format":"standard","meta":{"footnotes":""},"categories":[13],"tags":[],"class_list":["post-4398","post","type-post","status-publish","format-standard","has-post-thumbnail","hentry","category-saude"],"_links":{"self":[{"href":"https:\/\/tvc16.com\/portal\/wp-json\/wp\/v2\/posts\/4398","targetHints":{"allow":["GET"]}}],"collection":[{"href":"https:\/\/tvc16.com\/portal\/wp-json\/wp\/v2\/posts"}],"about":[{"href":"https:\/\/tvc16.com\/portal\/wp-json\/wp\/v2\/types\/post"}],"author":[{"embeddable":true,"href":"https:\/\/tvc16.com\/portal\/wp-json\/wp\/v2\/users\/2"}],"replies":[{"embeddable":true,"href":"https:\/\/tvc16.com\/portal\/wp-json\/wp\/v2\/comments?post=4398"}],"version-history":[{"count":1,"href":"https:\/\/tvc16.com\/portal\/wp-json\/wp\/v2\/posts\/4398\/revisions"}],"predecessor-version":[{"id":4400,"href":"https:\/\/tvc16.com\/portal\/wp-json\/wp\/v2\/posts\/4398\/revisions\/4400"}],"wp:featuredmedia":[{"embeddable":true,"href":"https:\/\/tvc16.com\/portal\/wp-json\/wp\/v2\/media\/4399"}],"wp:attachment":[{"href":"https:\/\/tvc16.com\/portal\/wp-json\/wp\/v2\/media?parent=4398"}],"wp:term":[{"taxonomy":"category","embeddable":true,"href":"https:\/\/tvc16.com\/portal\/wp-json\/wp\/v2\/categories?post=4398"},{"taxonomy":"post_tag","embeddable":true,"href":"https:\/\/tvc16.com\/portal\/wp-json\/wp\/v2\/tags?post=4398"}],"curies":[{"name":"wp","href":"https:\/\/api.w.org\/{rel}","templated":true}]}}