{"id":4401,"date":"2020-10-30T20:59:13","date_gmt":"2020-10-30T20:59:13","guid":{"rendered":"https:\/\/tvc16.com\/portal\/?p=4401"},"modified":"2020-10-30T20:59:13","modified_gmt":"2020-10-30T20:59:13","slug":"dia-mundial-da-psoriase-uma-doenca-cercada-de-preconceitos","status":"publish","type":"post","link":"https:\/\/tvc16.com\/portal\/2020\/10\/30\/dia-mundial-da-psoriase-uma-doenca-cercada-de-preconceitos\/","title":{"rendered":"Dia Mundial da Psor\u00edase: uma doen\u00e7a cercada de preconceitos"},"content":{"rendered":"\n<p><em>Desinforma\u00e7\u00e3o sobre o problema causa impacto na vida de pacientes<\/em><\/p>\n\n\n\n<p>\u201cAs pessoas demonstravam sentir nojo de mim. No trabalho, eu era alvo de preconceito. Eu era chamada de &#8216;caspazinha&#8217; por causa das supostas caspas que ca\u00edam na minha roupa. Demorei para me aceitar\u201d, relata a petropolitana Rayanne Bauer, 33 anos, portadora de psor\u00edase h\u00e1 15 anos.<\/p>\n\n\n\n<p>A falta de conhecimento sobre a psor\u00edase gera preconceitos na sociedade. Les\u00f5es avermelhadas e descama\u00e7\u00e3o na pele s\u00e3o algumas caracter\u00edsticas da doen\u00e7a inflamat\u00f3ria cr\u00f4nica que atinge milh\u00f5es de brasileiros. A sua manifesta\u00e7\u00e3o mais frequente, de acordo com a Sociedade Brasileira de Dermatologia (SBD), \u00e9 a psor\u00edase em placa, que acomete Rayanne.<\/p>\n\n\n\n<p>\u201cAtualmente, tenho les\u00f5es apenas no couro cabeludo. Ao longo desses anos, fui afetada de v\u00e1rias formas e tive les\u00f5es, por exemplo, nas minhas unhas das m\u00e3os e p\u00e9s (psor\u00edase ungueal). Foram momentos dif\u00edceis, mas os venci e sigo em tratamento\u201d, conclui a petropolitana.<\/p>\n\n\n\n<p>Ainda n\u00e3o existe cura para a doen\u00e7a, mas pesquisas apontam que os tratamentos podem diminuir os sintomas e melhorar a qualidade de vida dos pacientes. Medica\u00e7\u00f5es t\u00f3picas (cremes e pomadas) e fototerapia (banhos de luz) s\u00e3o alguns tipos de tratamento, no entanto, cada caso deve ser analisado de maneira individual.<\/p>\n\n\n\n<p><strong>Como surge<\/strong><\/p>\n\n\n\n<p>A causa da psor\u00edase \u00e9 considerada multifatorial, ou seja, depende de diversos fatores. O seu desencadeamento est\u00e1 relacionado ao sistema imunol\u00f3gico, como explica uma das dermatologistas da Unimed Petr\u00f3polis, Ana Paula Bonvini.<\/p>\n\n\n\n<p>\u201cAcontece quando os linf\u00f3citos T (c\u00e9lulas da defesa) liberam subst\u00e2ncias inflamat\u00f3rias e formadoras de vasos e ocorre, na pele, a chegada de outras c\u00e9lulas do sistema imune, os neutr\u00f3filos. As c\u00e9lulas da pele aceleram seu ciclo evolutivo e chegam imaturas na superf\u00edcie, produzindo as escamas\u201d, pontua.<\/p>\n\n\n\n<p>A especialista ainda explica que o diagn\u00f3stico \u00e9 cl\u00ednico, mas que pode ser feita uma bi\u00f3psia da pele para avalia\u00e7\u00e3o de um patologista.<\/p>\n\n\n\n<p><strong>Sintomas<\/strong><\/p>\n\n\n\n<p>De acordo com estudos, qualquer pessoa pode ser afetada pela doen\u00e7a de pele cr\u00f4nica, e ao contr\u00e1rio do que muitos pensam, ela n\u00e3o \u00e9 contagiosa.<\/p>\n\n\n\n<p>A dermatologista da Unimed Petr\u00f3polis alerta sobre alguns sintomas.<\/p>\n\n\n\n<p>\u201cManchas vermelhas com escamas secas, esbranqui\u00e7adas ou prateadas. Coceira, descama\u00e7\u00e3o e dor. Unhas grossas, sulcadas, descoladas e com depress\u00f5es puntiformes, s\u00e3o sintomas da psor\u00edase e merecem aten\u00e7\u00e3o\u201d, finaliza.<\/p>\n\n\n\n<p><strong>Dia Mundial da Psor\u00edase: uma doen\u00e7a cercada de preconceitos<\/strong><\/p>\n\n\n\n<p><em>Desinforma\u00e7\u00e3o sobre o problema causa impacto na vida de pacientes<\/em><\/p>\n\n\n\n<p>\u201cAs pessoas demonstravam sentir nojo de mim. No trabalho, eu era alvo de preconceito. Eu era chamada de &#8216;caspazinha&#8217; por causa das supostas caspas que ca\u00edam na minha roupa. Demorei para me aceitar\u201d, relata a petropolitana Rayanne Bauer, 33 anos, portadora de psor\u00edase h\u00e1 15 anos.<\/p>\n\n\n\n<p>A falta de conhecimento sobre a psor\u00edase gera preconceitos na sociedade. Les\u00f5es avermelhadas e descama\u00e7\u00e3o na pele s\u00e3o algumas caracter\u00edsticas da doen\u00e7a inflamat\u00f3ria cr\u00f4nica que atinge milh\u00f5es de brasileiros. A sua manifesta\u00e7\u00e3o mais frequente, de acordo com a Sociedade Brasileira de Dermatologia (SBD), \u00e9 a psor\u00edase em placa, que acomete Rayanne.<\/p>\n\n\n\n<p>\u201cAtualmente, tenho les\u00f5es apenas no couro cabeludo. Ao longo desses anos, fui afetada de v\u00e1rias formas e tive les\u00f5es, por exemplo, nas minhas unhas das m\u00e3os e p\u00e9s (psor\u00edase ungueal). Foram momentos dif\u00edceis, mas os venci e sigo em tratamento\u201d, conclui a petropolitana.<\/p>\n\n\n\n<p>Ainda n\u00e3o existe cura para a doen\u00e7a, mas pesquisas apontam que os tratamentos podem diminuir os sintomas e melhorar a qualidade de vida dos pacientes. Medica\u00e7\u00f5es t\u00f3picas (cremes e pomadas) e fototerapia (banhos de luz) s\u00e3o alguns tipos de tratamento, no entanto, cada caso deve ser analisado de maneira individual.<\/p>\n\n\n\n<p><strong>Como surge<\/strong><\/p>\n\n\n\n<p>A causa da psor\u00edase \u00e9 considerada multifatorial, ou seja, depende de diversos fatores. O seu desencadeamento est\u00e1 relacionado ao sistema imunol\u00f3gico, como explica uma das dermatologistas da Unimed Petr\u00f3polis, Ana Paula Bonvini.<\/p>\n\n\n\n<p>\u201cAcontece quando os linf\u00f3citos T (c\u00e9lulas da defesa) liberam subst\u00e2ncias inflamat\u00f3rias e formadoras de vasos e ocorre, na pele, a chegada de outras c\u00e9lulas do sistema imune, os neutr\u00f3filos. As c\u00e9lulas da pele aceleram seu ciclo evolutivo e chegam imaturas na superf\u00edcie, produzindo as escamas\u201d, pontua.<\/p>\n\n\n\n<p>A especialista ainda explica que o diagn\u00f3stico \u00e9 cl\u00ednico, mas que pode ser feita uma bi\u00f3psia da pele para avalia\u00e7\u00e3o de um patologista.<\/p>\n\n\n\n<p><strong>Sintomas<\/strong><\/p>\n\n\n\n<p>De acordo com estudos, qualquer pessoa pode ser afetada pela doen\u00e7a de pele cr\u00f4nica, e ao contr\u00e1rio do que muitos pensam, ela n\u00e3o \u00e9 contagiosa.<\/p>\n\n\n\n<p>A dermatologista da Unimed Petr\u00f3polis alerta sobre alguns sintomas.<\/p>\n\n\n\n<p>\u201cManchas vermelhas com escamas secas, esbranqui\u00e7adas ou prateadas. Coceira, descama\u00e7\u00e3o e dor. Unhas grossas, sulcadas, descoladas e com depress\u00f5es puntiformes, s\u00e3o sintomas da psor\u00edase e merecem aten\u00e7\u00e3o\u201d, finaliza.<\/p>\n","protected":false},"excerpt":{"rendered":"<p>Desinforma\u00e7\u00e3o sobre o problema causa impacto na vida de pacientes \u201cAs pessoas demonstravam sentir nojo<\/p>\n","protected":false},"author":2,"featured_media":4402,"comment_status":"open","ping_status":"open","sticky":false,"template":"","format":"standard","meta":{"footnotes":""},"categories":[13],"tags":[],"class_list":["post-4401","post","type-post","status-publish","format-standard","has-post-thumbnail","hentry","category-saude"],"_links":{"self":[{"href":"https:\/\/tvc16.com\/portal\/wp-json\/wp\/v2\/posts\/4401","targetHints":{"allow":["GET"]}}],"collection":[{"href":"https:\/\/tvc16.com\/portal\/wp-json\/wp\/v2\/posts"}],"about":[{"href":"https:\/\/tvc16.com\/portal\/wp-json\/wp\/v2\/types\/post"}],"author":[{"embeddable":true,"href":"https:\/\/tvc16.com\/portal\/wp-json\/wp\/v2\/users\/2"}],"replies":[{"embeddable":true,"href":"https:\/\/tvc16.com\/portal\/wp-json\/wp\/v2\/comments?post=4401"}],"version-history":[{"count":1,"href":"https:\/\/tvc16.com\/portal\/wp-json\/wp\/v2\/posts\/4401\/revisions"}],"predecessor-version":[{"id":4403,"href":"https:\/\/tvc16.com\/portal\/wp-json\/wp\/v2\/posts\/4401\/revisions\/4403"}],"wp:featuredmedia":[{"embeddable":true,"href":"https:\/\/tvc16.com\/portal\/wp-json\/wp\/v2\/media\/4402"}],"wp:attachment":[{"href":"https:\/\/tvc16.com\/portal\/wp-json\/wp\/v2\/media?parent=4401"}],"wp:term":[{"taxonomy":"category","embeddable":true,"href":"https:\/\/tvc16.com\/portal\/wp-json\/wp\/v2\/categories?post=4401"},{"taxonomy":"post_tag","embeddable":true,"href":"https:\/\/tvc16.com\/portal\/wp-json\/wp\/v2\/tags?post=4401"}],"curies":[{"name":"wp","href":"https:\/\/api.w.org\/{rel}","templated":true}]}}