{"id":4404,"date":"2020-10-30T21:02:34","date_gmt":"2020-10-30T21:02:34","guid":{"rendered":"https:\/\/tvc16.com\/portal\/?p=4404"},"modified":"2020-10-30T21:02:34","modified_gmt":"2020-10-30T21:02:34","slug":"cientistas-da-ufrj-dizem-que-reabertura-de-escolas-e-imprescindivel","status":"publish","type":"post","link":"https:\/\/tvc16.com\/portal\/2020\/10\/30\/cientistas-da-ufrj-dizem-que-reabertura-de-escolas-e-imprescindivel\/","title":{"rendered":"Cientistas da UFRJ dizem que reabertura de escolas \u00e9 imprescind\u00edvel"},"content":{"rendered":"\n<h3 class=\"wp-block-heading\">Eles alertam que pode haver efeitos danosos para toda uma gera\u00e7\u00e3o<\/h3>\n\n\n\n<h4 class=\"wp-block-heading\">Por Vladimir Platonow \u2013 Rep\u00f3rter da Ag\u00eancia Brasil &#8211; Rio de Janeiro<\/h4>\n\n\n\n<p>Cientistas da Universidade Federal do Rio de Janeiro (UFRJ) defenderam hoje (30) a reabertura das escolas no estado. Em nota t\u00e9cnica emitida nesta sexta-feira, os participantes do Grupo de Trabalho (GT) Multidisciplinar para Enfrentamento da Covid-19 afirmam que a volta \u00e0s aulas presenciais \u00e9 necess\u00e1ria e imprescind\u00edvel.<img decoding=\"async\" src=\"https:\/\/agenciabrasil.ebc.com.br\/ebc.png?id=1391944&amp;o=node\"><img decoding=\"async\" src=\"https:\/\/agenciabrasil.ebc.com.br\/ebc.gif?id=1391944&amp;o=node\"><\/p>\n\n\n\n<p>No comunicado, eles refor\u00e7am, por\u00e9m, que o retorno \u00e0s aulas deve ocorer de forma a minimizar os riscos de exposi\u00e7\u00e3o, tanto das crian\u00e7as e adolescentes quanto dos professores e funcion\u00e1rios, aos riscos de cont\u00e1gio do novo coronav\u00edrus. A informa\u00e7\u00e3o foi divulgada pela assessoria da universidade, em nota publicada na p\u00e1gina da institui\u00e7\u00e3o na internet.<\/p>\n\n\n\n<p>\u201cPrecisamos agir para que o retorno \u00e0s aulas aconte\u00e7a o mais breve e da maneira mais segura poss\u00edvel para alunos e profissionais envolvidos. Conclamamos as autoridades federal, estadual e municipais a efetuar os procedimentos necess\u00e1rios para o retorno presencial no menor prazo poss\u00edvel, asseguradas as condi\u00e7\u00f5es de seguran\u00e7a \u00e0 sa\u00fade necess\u00e1rias a todos os envolvidos. A din\u00e2mica do dia a dia da comunidade escolar precisa ser resgatada, sob pena de termos efeitos mais danosos e irrevers\u00edveis sobre as perspectivas de vida de toda uma gera\u00e7\u00e3o, principalmente os mais vulner\u00e1veis\u201d, destacou o grupo de pesquisadores.<\/p>\n\n\n\n<p>Na defesa do retorno \u00e0s aulas, ap\u00f3s examinar dados existentes at\u00e9 o momento, os cientistas da UFRJ avaliaram que as escolas n\u00e3o parecem desempenhar importante papel na transmiss\u00e3o do novo coronav\u00edrus.<\/p>\n\n\n\n<p>\u201cEstudos realizados em fevereiro e mar\u00e7o, ainda antes das medidas de isolamento social serem implementadas (portanto sem isolamento) j\u00e1 sinalizavam algumas li\u00e7\u00f5es: existem poucos relatos de transmiss\u00e3o a partir de crian\u00e7as, levando a grandes surtos, especialmente no cen\u00e1rio escolar, e a transmiss\u00e3o na comunidade de crian\u00e7as mais velhas \u00e9 maior\u201d, afirmam.<\/p>\n\n\n\n<h2 class=\"wp-block-heading\">Transmiss\u00e3o<\/h2>\n\n\n\n<p>Os participantes do Grupo de Trabalho Multidisciplinar para Enfrentamento da Covid-19 destacaram ainda estudos segundo os quais o papel do adulto na cadeia de transmiss\u00e3o na escola \u00e9 significativamente mais expressivo, como em Singapura, onde foram avaliados tr\u00eas casos que se apresentaram sintom\u00e1ticos dentro da escola: duas crian\u00e7as de 5 e 8 anos adoeceram sem transmiss\u00e3o secund\u00e1ria, enquanto um adulto adoeceu, transmitindo para mais 16 adultos dentro da escola, que levaram o v\u00edrus, em seguida, para 11 familiares.<\/p>\n\n\n\n<p>\u201cA experi\u00eancia internacional nos ensina que existe um caminho para a reabertura de escolas, atrav\u00e9s da implementa\u00e7\u00e3o de medidas para minimizar o risco de transmiss\u00e3o viral. Embora a faixa et\u00e1ria pedi\u00e1trica seja menos suscet\u00edvel \u00e0s formas graves da covid-19, existe risco de a crian\u00e7a ser infectada em qualquer idade, por isso, as medidas de mitiga\u00e7\u00e3o n\u00e3o podem ser negligenciadas sob nenhuma hip\u00f3tese\u201d, salientaram os integrantes do GT.<\/p>\n\n\n\n<p>Segundo os pesquisadores, ap\u00f3s sete meses com as escolas fechadas, \u00e9 preciso reavaliar os benef\u00edcios e os efeitos colaterais da medida, como o fato de que a evas\u00e3o escolar corre o risco de aumentar de forma irrevers\u00edvel.<\/p>\n\n\n\n<p>Coordenado pelo pesquisador Roberto Medronho, o GT destacou que cabe aos professores, pais e respons\u00e1veis dar o exemplo sobre o uso de m\u00e1scaras, higieniza\u00e7\u00e3o das m\u00e3os e distanciamento, al\u00e9m de enfatizar que &#8220;ningu\u00e9m deve ir \u00e0 escola ao menor sinal de doen\u00e7a\u201d.<\/p>\n\n\n\n<p>De acordo com a nota t\u00e9cnica, existem tr\u00eas n\u00edveis de prote\u00e7\u00e3o da comunidade escolar contra a entrada e dissemina\u00e7\u00e3o do v\u00edrus que precisam ser considerados: minimizar a importa\u00e7\u00e3o do v\u00edrus para dentro da escola; minimizar a transmiss\u00e3o do v\u00edrus dentro da escola, e minimizar o n\u00famero de contactantes de um caso positivo dentro da escola.<\/p>\n\n\n\n<p>A \u00edntegra da&nbsp;<a href=\"http:\/\/conexao.ufrj.br\/wp-content\/uploads\/sites\/6\/2020\/10\/NotaTecnicaEscolas30102020.pdf\" target=\"_blank\" rel=\"noreferrer noopener\">nota t\u00e9cnica<\/a>&nbsp;pode ser consultada na p\u00e1gina da UFRJ na internet.<\/p>\n\n\n\n<p>Edi\u00e7\u00e3o: N\u00e1dia Franco<\/p>\n","protected":false},"excerpt":{"rendered":"<p>Eles alertam que pode haver efeitos danosos para toda uma gera\u00e7\u00e3o Por Vladimir Platonow \u2013<\/p>\n","protected":false},"author":2,"featured_media":4405,"comment_status":"open","ping_status":"open","sticky":false,"template":"","format":"standard","meta":{"footnotes":""},"categories":[19],"tags":[],"class_list":["post-4404","post","type-post","status-publish","format-standard","has-post-thumbnail","hentry","category-educacao"],"_links":{"self":[{"href":"https:\/\/tvc16.com\/portal\/wp-json\/wp\/v2\/posts\/4404","targetHints":{"allow":["GET"]}}],"collection":[{"href":"https:\/\/tvc16.com\/portal\/wp-json\/wp\/v2\/posts"}],"about":[{"href":"https:\/\/tvc16.com\/portal\/wp-json\/wp\/v2\/types\/post"}],"author":[{"embeddable":true,"href":"https:\/\/tvc16.com\/portal\/wp-json\/wp\/v2\/users\/2"}],"replies":[{"embeddable":true,"href":"https:\/\/tvc16.com\/portal\/wp-json\/wp\/v2\/comments?post=4404"}],"version-history":[{"count":1,"href":"https:\/\/tvc16.com\/portal\/wp-json\/wp\/v2\/posts\/4404\/revisions"}],"predecessor-version":[{"id":4406,"href":"https:\/\/tvc16.com\/portal\/wp-json\/wp\/v2\/posts\/4404\/revisions\/4406"}],"wp:featuredmedia":[{"embeddable":true,"href":"https:\/\/tvc16.com\/portal\/wp-json\/wp\/v2\/media\/4405"}],"wp:attachment":[{"href":"https:\/\/tvc16.com\/portal\/wp-json\/wp\/v2\/media?parent=4404"}],"wp:term":[{"taxonomy":"category","embeddable":true,"href":"https:\/\/tvc16.com\/portal\/wp-json\/wp\/v2\/categories?post=4404"},{"taxonomy":"post_tag","embeddable":true,"href":"https:\/\/tvc16.com\/portal\/wp-json\/wp\/v2\/tags?post=4404"}],"curies":[{"name":"wp","href":"https:\/\/api.w.org\/{rel}","templated":true}]}}