{"id":4407,"date":"2020-10-30T21:04:30","date_gmt":"2020-10-30T21:04:30","guid":{"rendered":"https:\/\/tvc16.com\/portal\/?p=4407"},"modified":"2020-10-30T21:04:30","modified_gmt":"2020-10-30T21:04:30","slug":"aeroportos-esperam-aumento-do-movimento-no-feriado-de-finados","status":"publish","type":"post","link":"https:\/\/tvc16.com\/portal\/2020\/10\/30\/aeroportos-esperam-aumento-do-movimento-no-feriado-de-finados\/","title":{"rendered":"Aeroportos esperam aumento do movimento no feriado de Finados"},"content":{"rendered":"\n<h3 class=\"wp-block-heading\">A\u00e9reas e operadoras aeroportu\u00e1rias garantem medidas de seguran\u00e7a<\/h3>\n\n\n\n<h4 class=\"wp-block-heading\">Por Alex Rodrigues &#8211; Rep\u00f3rter da Ag\u00eancia Brasil &#8211; Bras\u00edlia<\/h4>\n\n\n\n<p>Otimistas com o gradual aumento do n\u00famero de pessoas viajando a neg\u00f3cios e&nbsp; lazer, as empresas que administram aeroportos esperam um crescimento do movimento durante o feriado prolongado de Finados.<img decoding=\"async\" src=\"https:\/\/agenciabrasil.ebc.com.br\/ebc.png?id=1391946&amp;o=node\"><img decoding=\"async\" src=\"https:\/\/agenciabrasil.ebc.com.br\/ebc.gif?id=1391946&amp;o=node\"><\/p>\n\n\n\n<p>A Empresa Brasileira de Infraestrutura Aeroportu\u00e1ria (Infraero) calcula que cerca de 514 mil passageiros circular\u00e3o por seus 55 aeroportos entre hoje (30) e a pr\u00f3xima ter\u00e7a-feira (3). Segundo a estatal, o maior fluxo de usu\u00e1rios deve ocorrer hoje (30), quando s\u00e3o esperados 119.844 viajantes, e na pr\u00f3xima ter\u00e7a-feira (3), com um fluxo de 129.981 pessoas.<\/p>\n\n\n\n<p>Embora maior que o movimento registrado durante outros feriados prolongados deste ano, como o 1\u00ba de Maio, com menos de 27 mil viajantes; Corpus Christi,&nbsp; 83.720 viajantes, e Nossa Senhora Aparecida, 344.811, a expectativa, se atingida, representar\u00e1 60% dos 849.844 usu\u00e1rios que embarcaram ou desembarcaram nos aeroportos que a estatal administra durante o mesmo feriado em 2019.<\/p>\n\n\n\n<p>A concession\u00e1ria Inframerica tamb\u00e9m espera um maior n\u00famero de usu\u00e1rios durante o feriado. De acordo com a empresa, cerca de 127 mil pessoas devem passar pelo Aeroporto Internacional de Bras\u00edlia entre hoje (30) e ter\u00e7a-feira (3), com 21 voos extras agendados para atender ao aumento da demanda.<\/p>\n\n\n\n<p>J\u00e1 no aeroporto de Natal, a Inframerica espera receber quase 20 mil passageiros. Resultado que, se atingido, ser\u00e1 34% superior ao movimento de 12 de Outubro, quando 14.879 mil pessoas circularam pelo terminal.<\/p>\n\n\n\n<h2 class=\"wp-block-heading\">Retomada<\/h2>\n\n\n\n<p>Segundo a Ag\u00eancia Nacional de Avia\u00e7\u00e3o Civil (Anac), o mercado da avia\u00e7\u00e3o civil dom\u00e9stica vem reconquistando usu\u00e1rios pouco a pouco. Em setembro, mais de 3,05 milh\u00f5es de passageiros viajaram em avi\u00f5es. O n\u00famero representa um aumento de 850 mil passageiros em rela\u00e7\u00e3o ao que foi registrado no m\u00eas anterior, quando foram embarcadas cerca de 2,2 milh\u00f5es de pessoas.<\/p>\n\n\n\n<p>Ainda assim, o setor amarga uma retra\u00e7\u00e3o de 56% no total de passageiros transportados quando comparados os resultados de janeiro a setembro deste ano com o mesmo per\u00edodo de 2019.&nbsp;<\/p>\n\n\n\n<h2 class=\"wp-block-heading\">Precau\u00e7\u00e3o<\/h2>\n\n\n\n<p>Tanto as empresas a\u00e9reas quanto as operadoras aeroportu\u00e1rias&nbsp;<a href=\"https:\/\/agenciabrasil.ebc.com.br\/geral\/noticia\/2020-09\/protocolos-estao-garantindo-seguranca-nos-voos-dizem-empresas-aereas\" target=\"_blank\" rel=\"noreferrer noopener\">garantem adotar uma s\u00e9rie de medidas para reduzir os riscos de contamina\u00e7\u00e3o pelo novo coronav\u00edrus (covid-19)<\/a>&nbsp;durante os voos. Dentro das aeronaves, a precau\u00e7\u00e3o vai do uso obrigat\u00f3rio de m\u00e1scara, distanciamento entre passageiros e op\u00e7\u00e3o por, prioritariamente, disponibilizar autoatendimento para o check-in \u00e0 exist\u00eancia de filtros especiais que renovam o ar constantemente.<\/p>\n\n\n\n<p>J\u00e1 nos terminais, por conta das medidas protocolares de seguran\u00e7a, como observ\u00e2ncia ao distanciamento social, as empresas administradoras de aeroportos pedem aos passageiros que procurem chegar duas horas antes do embarque, a fim de evitar contratempos. E lembram que o uso de m\u00e1scara \u00e9 obrigat\u00f3rio.<\/p>\n\n\n\n<p>Edi\u00e7\u00e3o: Fernando Fraga<\/p>\n","protected":false},"excerpt":{"rendered":"<p>A\u00e9reas e operadoras aeroportu\u00e1rias garantem medidas de seguran\u00e7a Por Alex Rodrigues &#8211; Rep\u00f3rter da Ag\u00eancia<\/p>\n","protected":false},"author":2,"featured_media":4408,"comment_status":"open","ping_status":"open","sticky":false,"template":"","format":"standard","meta":{"footnotes":""},"categories":[14],"tags":[],"class_list":["post-4407","post","type-post","status-publish","format-standard","has-post-thumbnail","hentry","category-pais"],"_links":{"self":[{"href":"https:\/\/tvc16.com\/portal\/wp-json\/wp\/v2\/posts\/4407","targetHints":{"allow":["GET"]}}],"collection":[{"href":"https:\/\/tvc16.com\/portal\/wp-json\/wp\/v2\/posts"}],"about":[{"href":"https:\/\/tvc16.com\/portal\/wp-json\/wp\/v2\/types\/post"}],"author":[{"embeddable":true,"href":"https:\/\/tvc16.com\/portal\/wp-json\/wp\/v2\/users\/2"}],"replies":[{"embeddable":true,"href":"https:\/\/tvc16.com\/portal\/wp-json\/wp\/v2\/comments?post=4407"}],"version-history":[{"count":1,"href":"https:\/\/tvc16.com\/portal\/wp-json\/wp\/v2\/posts\/4407\/revisions"}],"predecessor-version":[{"id":4409,"href":"https:\/\/tvc16.com\/portal\/wp-json\/wp\/v2\/posts\/4407\/revisions\/4409"}],"wp:featuredmedia":[{"embeddable":true,"href":"https:\/\/tvc16.com\/portal\/wp-json\/wp\/v2\/media\/4408"}],"wp:attachment":[{"href":"https:\/\/tvc16.com\/portal\/wp-json\/wp\/v2\/media?parent=4407"}],"wp:term":[{"taxonomy":"category","embeddable":true,"href":"https:\/\/tvc16.com\/portal\/wp-json\/wp\/v2\/categories?post=4407"},{"taxonomy":"post_tag","embeddable":true,"href":"https:\/\/tvc16.com\/portal\/wp-json\/wp\/v2\/tags?post=4407"}],"curies":[{"name":"wp","href":"https:\/\/api.w.org\/{rel}","templated":true}]}}