{"id":4410,"date":"2020-10-30T21:06:10","date_gmt":"2020-10-30T21:06:10","guid":{"rendered":"https:\/\/tvc16.com\/portal\/?p=4410"},"modified":"2020-10-30T21:06:10","modified_gmt":"2020-10-30T21:06:10","slug":"hospital-de-bonsucesso-sera-reaberto-parcialmente-apos-incendio","status":"publish","type":"post","link":"https:\/\/tvc16.com\/portal\/2020\/10\/30\/hospital-de-bonsucesso-sera-reaberto-parcialmente-apos-incendio\/","title":{"rendered":"Hospital de Bonsucesso ser\u00e1 reaberto parcialmente ap\u00f3s inc\u00eandio"},"content":{"rendered":"\n<h3 class=\"wp-block-heading\">Pol\u00edcia Federal investiga as causas do fogo<\/h3>\n\n\n\n<h4 class=\"wp-block-heading\">Por Vladimir Platonow &#8211; Rep\u00f3rter da Ag\u00eancia Brasil &#8211; Rio de Janeiro<\/h4>\n\n\n\n<p>O Hospital Federal de Bonsucesso (HFB) ser\u00e1 reaberto parcialmente a partir da pr\u00f3xima semana. A informa\u00e7\u00e3o foi divulgada nesta sexta-feira (30) pelo Minist\u00e9rio da Sa\u00fade. O hospital foi atingido por um inc\u00eandio na \u00faltima ter\u00e7a-feira (27), e o pr\u00e9dio 1&nbsp;<a href=\"https:\/\/agenciabrasil.ebc.com.br\/geral\/noticia\/2020-10\/defesa-civil-do-rio-interdita-predio-de-hospital-afetado-por-incendio\" target=\"_blank\" rel=\"noreferrer noopener\">foi interditado pela Defesa Civil do Munic\u00edpio<\/a>.<img decoding=\"async\" src=\"https:\/\/agenciabrasil.ebc.com.br\/ebc.png?id=1391949&amp;o=node\"><img decoding=\"async\" src=\"https:\/\/agenciabrasil.ebc.com.br\/ebc.gif?id=1391949&amp;o=node\"><\/p>\n\n\n\n<p>&#8220;Na pr\u00f3xima quarta-feira (4), os pr\u00e9dios 3, 4, 5 e 6 do hospital retomam suas atividades. Ter\u00e3o continuidade as consultas ambulatoriais, sess\u00f5es de quimioterapia, entrega de medicamentos oncol\u00f3gicos, realiza\u00e7\u00e3o de exames laboratoriais e retirada de resultados e doa\u00e7\u00e3o de sangue. Emerg\u00eancias, cirurgias, interna\u00e7\u00f5es, hemodi\u00e1lise e exames de imagens, que funcionavam no pr\u00e9dio afetado, permanecem suspensos temporariamente at\u00e9 a conclus\u00e3o dos reparos necess\u00e1rios&#8221;, disse o minist\u00e9rio em nota.<\/p>\n\n\n\n<p>A apura\u00e7\u00e3o dos fatos que levaram ao inc\u00eandio segue em andamento, com per\u00edcia a cargo da Pol\u00edcia Federal (PF). O Minist\u00e9rio da Sa\u00fade informou que vai verificar a necessidade or\u00e7ament\u00e1ria extra para apoiar as solu\u00e7\u00f5es e obras para o restabelecimento pleno do pr\u00e9dio e das estruturas afetadas.<\/p>\n\n\n\n<p>Segundo o minist\u00e9rio, o Centro de Aten\u00e7\u00e3o \u00e0 Sa\u00fade da Mulher, da Crian\u00e7a e do Adolescente, localizado no pr\u00e9dio 2 do complexo hospitalar, passar\u00e1 por avalia\u00e7\u00e3o t\u00e9cnica para o retorno dos atendimentos. Quatro pessoas morreram, ap\u00f3s serem transferidas \u00e0s pressas durante o inc\u00eandio.<\/p>\n\n\n\n<p>Edi\u00e7\u00e3o: Aline Leal<\/p>\n","protected":false},"excerpt":{"rendered":"<p>Pol\u00edcia Federal investiga as causas do fogo Por Vladimir Platonow &#8211; Rep\u00f3rter da Ag\u00eancia Brasil<\/p>\n","protected":false},"author":2,"featured_media":4411,"comment_status":"open","ping_status":"open","sticky":false,"template":"","format":"standard","meta":{"footnotes":""},"categories":[17],"tags":[],"class_list":["post-4410","post","type-post","status-publish","format-standard","has-post-thumbnail","hentry","category-outras-noticias"],"_links":{"self":[{"href":"https:\/\/tvc16.com\/portal\/wp-json\/wp\/v2\/posts\/4410","targetHints":{"allow":["GET"]}}],"collection":[{"href":"https:\/\/tvc16.com\/portal\/wp-json\/wp\/v2\/posts"}],"about":[{"href":"https:\/\/tvc16.com\/portal\/wp-json\/wp\/v2\/types\/post"}],"author":[{"embeddable":true,"href":"https:\/\/tvc16.com\/portal\/wp-json\/wp\/v2\/users\/2"}],"replies":[{"embeddable":true,"href":"https:\/\/tvc16.com\/portal\/wp-json\/wp\/v2\/comments?post=4410"}],"version-history":[{"count":1,"href":"https:\/\/tvc16.com\/portal\/wp-json\/wp\/v2\/posts\/4410\/revisions"}],"predecessor-version":[{"id":4412,"href":"https:\/\/tvc16.com\/portal\/wp-json\/wp\/v2\/posts\/4410\/revisions\/4412"}],"wp:featuredmedia":[{"embeddable":true,"href":"https:\/\/tvc16.com\/portal\/wp-json\/wp\/v2\/media\/4411"}],"wp:attachment":[{"href":"https:\/\/tvc16.com\/portal\/wp-json\/wp\/v2\/media?parent=4410"}],"wp:term":[{"taxonomy":"category","embeddable":true,"href":"https:\/\/tvc16.com\/portal\/wp-json\/wp\/v2\/categories?post=4410"},{"taxonomy":"post_tag","embeddable":true,"href":"https:\/\/tvc16.com\/portal\/wp-json\/wp\/v2\/tags?post=4410"}],"curies":[{"name":"wp","href":"https:\/\/api.w.org\/{rel}","templated":true}]}}